{"id":8810,"date":"2022-12-26T09:20:23","date_gmt":"2022-12-26T12:20:23","guid":{"rendered":"https:\/\/www.visionweb.com.ar\/?p=8810"},"modified":"2022-12-26T09:22:15","modified_gmt":"2022-12-26T12:22:15","slug":"navidad-2022-se-vendio-18-menos-que-el-ano-pasado","status":"publish","type":"post","link":"https:\/\/www.visionweb.com.ar\/?p=8810","title":{"rendered":"Navidad 2022: Se vendi\u00f3 1,8% menos que el a\u00f1o pasado"},"content":{"rendered":"<p><em><strong>Las ventas navide\u00f1as en los comercios minoristas pymes bajaron 1,8% frente al a\u00f1o pasado, a precios constantes.<\/strong><\/em><!--more--><\/p>\n<p><strong>\u00a0 \u00a0 \u00a0 \u00a0 <img loading=\"lazy\" decoding=\"async\" class=\"size-full wp-image-4406 alignright\" src=\"https:\/\/www.visionweb.com.ar\/wp-content\/uploads\/2022\/02\/comercios.bmp\" alt=\"\" width=\"477\" height=\"337\" \/>\u00a0M<\/strong>\u00e1s all\u00e1 de las restricciones en el presupuesto familiar que viene desalentando las ventas minoristas, esta Navidad tuvo una menor cantidad de d\u00edas h\u00e1biles para realizar compras con respecto a la del a\u00f1o pasado, situaci\u00f3n que explica parte de este resultado.<\/p>\n<p>El feriado del martes 20 por el t\u00edtulo de la Selecci\u00f3n Argentina en el Mundial de Qatar y la final del domingo 18, quitaron jornadas de consumo.<\/p>\n<p>\u201c<em>No alcanz\u00f3 el tiempo para comprar<\/em>\u201d, fueron algunas frases repetidas y qued\u00f3 reflejado en que el mismo s\u00e1bado 24 fue in\u00e9dita la cantidad de gente comprando desde muy temprano y hasta entrada la tarde.<\/p>\n<p>De los 6 grandes rubros relevados, crecieron Cosm\u00e9tica y Perfumer\u00eda (+2,1%), Equipos de audio, video, celulares y accesorios (+4,2%) y Jugueter\u00edas (+3,4%) y cayeron Calzados (-5,1%), Indumentaria (-14,4%) y Librer\u00edas (-7,5%).<\/p>\n<p><img loading=\"lazy\" decoding=\"async\" class=\"size-medium wp-image-8811 alignleft\" src=\"https:\/\/www.visionweb.com.ar\/wp-content\/uploads\/2022\/12\/COMPRAS-NAVIDAD-300x291.png\" alt=\"\" width=\"300\" height=\"291\" srcset=\"https:\/\/www.visionweb.com.ar\/wp-content\/uploads\/2022\/12\/COMPRAS-NAVIDAD-300x291.png 300w, https:\/\/www.visionweb.com.ar\/wp-content\/uploads\/2022\/12\/COMPRAS-NAVIDAD.png 488w\" sizes=\"auto, (max-width: 300px) 100vw, 300px\" \/>En esta Navidad, al 76,8% de los comercios medidos les fue igual o mejor de lo esperado, 3,6 puntos porcentuales por encima del a\u00f1o pasado (73,2%), aunque incidi\u00f3 que las expectativas en estas fiestas eran moderadas.<\/p>\n<h3 style=\"text-align: center;\"><span style=\"color: #0000ff;\"><em><strong>El gasto promedio de los clientes de los comercios se ubic\u00f3 en $9.400 el m\u00e1s elevado.<\/strong><\/em><\/span><\/h3>\n<p>Por los m\u00e1rgenes m\u00e1s ajustados y cierta incertidumbre sobre los costos de reposici\u00f3n de la mercader\u00eda post-fiestas, hubo escasez de promociones.<\/p>\n<p>Solo la mitad de los negocios de la muestra realiz\u00f3 alguna, cuando en 2021 casi el 70% de estos ofrecieron algo.<\/p>\n<p>El ticket promedio se ubic\u00f3 en $9.410, con el monto m\u00e1s elevado en Audio, video, celulares y accesorios ($10.985) y el m\u00e1s bajo en Librer\u00edas ($5.222).<\/p>\n<p>En ocasi\u00f3n de esta encuesta navide\u00f1a, tambi\u00e9n los comercios minoristas fueron consultados acerca del efecto del mundial de futbol de Qatar 2022 sobre las ventas. All\u00ed, el 44% coment\u00f3 que fue regular, el 25% de los mismos informaron consecuencias negativas o malas, el 21% registr\u00f3 efectos buenos, el 6% muy malo y, por \u00faltimo, el 5% restante muy bueno.<\/p>\n<p>Estos efectos, se explicaron en un 29% por la cantidad de gente en la calle y un 20% por los festejos de la obtenci\u00f3n de la Copa del Mundo, que incluy\u00f3 un feriado que limit\u00f3 la presencia de consumidores y trabajadores en los negocios minoristas. Un 18% coment\u00f3 acerca del efecto del limitado poder de compra del salario, un 16% asign\u00f3 su respuesta a los cortes de calle y problemas para la circulaci\u00f3n y el 17% restante determin\u00f3 otros efectos no consignados entre las opciones.<\/p>\n<p>Los datos surgen de un relevamiento realizado por\u00a0<strong>CAME<\/strong> entre el viernes 23 y el s\u00e1bado 24 de diciembre en 232 comercios pymes del pa\u00eds por un equipo de 30 encuestadores<strong>(VW)<\/strong>.<\/p>\n","protected":false},"excerpt":{"rendered":"<p>Las ventas navide\u00f1as en los comercios minoristas pymes bajaron 1,8% frente al a\u00f1o pasado, a precios constantes.<\/p>\n","protected":false},"author":3,"featured_media":1993,"comment_status":"closed","ping_status":"closed","sticky":false,"template":"","format":"standard","meta":{"_monsterinsights_skip_tracking":false,"_monsterinsights_sitenote_active":false,"_monsterinsights_sitenote_note":"","_monsterinsights_sitenote_category":0,"footnotes":""},"categories":[6,749],"tags":[],"class_list":["post-8810","post","type-post","status-publish","format-standard","has-post-thumbnail","hentry","category-economia","category-pymes"],"_links":{"self":[{"href":"https:\/\/www.visionweb.com.ar\/index.php?rest_route=\/wp\/v2\/posts\/8810","targetHints":{"allow":["GET"]}}],"collection":[{"href":"https:\/\/www.visionweb.com.ar\/index.php?rest_route=\/wp\/v2\/posts"}],"about":[{"href":"https:\/\/www.visionweb.com.ar\/index.php?rest_route=\/wp\/v2\/types\/post"}],"author":[{"embeddable":true,"href":"https:\/\/www.visionweb.com.ar\/index.php?rest_route=\/wp\/v2\/users\/3"}],"replies":[{"embeddable":true,"href":"https:\/\/www.visionweb.com.ar\/index.php?rest_route=%2Fwp%2Fv2%2Fcomments&post=8810"}],"version-history":[{"count":1,"href":"https:\/\/www.visionweb.com.ar\/index.php?rest_route=\/wp\/v2\/posts\/8810\/revisions"}],"predecessor-version":[{"id":8812,"href":"https:\/\/www.visionweb.com.ar\/index.php?rest_route=\/wp\/v2\/posts\/8810\/revisions\/8812"}],"wp:featuredmedia":[{"embeddable":true,"href":"https:\/\/www.visionweb.com.ar\/index.php?rest_route=\/wp\/v2\/media\/1993"}],"wp:attachment":[{"href":"https:\/\/www.visionweb.com.ar\/index.php?rest_route=%2Fwp%2Fv2%2Fmedia&parent=8810"}],"wp:term":[{"taxonomy":"category","embeddable":true,"href":"https:\/\/www.visionweb.com.ar\/index.php?rest_route=%2Fwp%2Fv2%2Fcategories&post=8810"},{"taxonomy":"post_tag","embeddable":true,"href":"https:\/\/www.visionweb.com.ar\/index.php?rest_route=%2Fwp%2Fv2%2Ftags&post=8810"}],"curies":[{"name":"wp","href":"https:\/\/api.w.org\/{rel}","templated":true}]}}