{"id":8806,"date":"2022-12-23T17:50:16","date_gmt":"2022-12-23T20:50:16","guid":{"rendered":"https:\/\/www.visionweb.com.ar\/?p=8806"},"modified":"2022-12-23T17:50:16","modified_gmt":"2022-12-23T20:50:16","slug":"la-unidad-piquetera-levanto-el-corte-durante-la-madrugada-de-hoy","status":"publish","type":"post","link":"https:\/\/www.visionweb.com.ar\/?p=8806","title":{"rendered":"La Unidad Piquetera levant\u00f3 el corte durante la madrugada de hoy"},"content":{"rendered":"<p><em><strong>Estaban desde ayer frente al Ministerio de Desarrollo Social, con la consigna \u201cPor una Navidad sin hambre\u201d. Tendr\u00e1n otra reuni\u00f3n el pr\u00f3ximo mi\u00e9rcoles.\u00a0<\/strong><\/em><!--more--><\/p>\n<div id=\"attachment_8808\" style=\"width: 310px\" class=\"wp-caption alignright\"><img loading=\"lazy\" decoding=\"async\" aria-describedby=\"caption-attachment-8808\" class=\"wp-image-8808 size-medium\" src=\"https:\/\/www.visionweb.com.ar\/wp-content\/uploads\/2022\/12\/piqueteros-futbol-300x215.jpg\" alt=\"\" width=\"300\" height=\"215\" srcset=\"https:\/\/www.visionweb.com.ar\/wp-content\/uploads\/2022\/12\/piqueteros-futbol-300x215.jpg 300w, https:\/\/www.visionweb.com.ar\/wp-content\/uploads\/2022\/12\/piqueteros-futbol.bmp 593w\" sizes=\"auto, (max-width: 300px) 100vw, 300px\" \/><p id=\"caption-attachment-8808\" class=\"wp-caption-text\">Partido de f\u00fatbol en plena 9 de Julio: \u00abArgentina vs el Hambre y el Ajuste\u00bb. Foto internet<\/p><\/div>\n<p>Los\u00a0<strong>manifestantes de la Unidad Piquetera<\/strong>\u00a0(UP), que cortaron ayer jueves la avenida 9 de Julio a la altura del Ministerio de Desarrollo Social,\u00a0<strong>levantaron el acampe<\/strong>\u00a0<strong> durante la madrugada de este viernes. <\/strong><strong>Consiguieron el compromiso<\/strong><strong>\u00a0<\/strong>de \u201centrega de productos navide\u00f1os y una reuni\u00f3n con la ministra Victoria Tolosa Paz pactada para el pr\u00f3ximo mi\u00e9rcoles.<\/p>\n<p>En un comunicado de prensa la UP inform\u00f3: \u201cCasi a las 2 de la madrugada y\u00a0<strong>luego de 13 horas de piquetes en todo el pa\u00eds<\/strong>\u00a0y de una ocupaci\u00f3n pac\u00edfica del edificio del ministerio por parte de la direcci\u00f3n de la Unidad Piquetera y llegando a compromisos de un cronograma concreto, se levanta el acampe piquetero y se mantiene el alerta general hasta el cumplimiento de los acuerdos conseguidos\u201d.<\/p>\n<p>A la vez, y seg\u00fan precisaron, <strong>consiguieron el compromiso<\/strong><strong>\u00a0<\/strong>de \u201centrega de productos navide\u00f1os y alimentos secos para todo el pa\u00eds, as\u00ed como entrega de herramientas de convenios atrasados y una reuni\u00f3n pactada con la ministra (Victoria) Tolosa Paz para el pr\u00f3ximo mi\u00e9rcoles a las 15 para discutir otros temas de fondo que quedan pendientes\u201d.<\/p>\n<p>Los dirigentes de Unidad Piquetera\u00a0<strong>se reunieron por la noche con funcionarios del Ministerio de Desarrollo Social<\/strong>\u00a0ante la posibilidad del acampe anunciado \u201cpor tiempo indefinido\u201d o hasta ser recibidos por la ministra.<\/p>\n<p>La movilizaci\u00f3n fue\u00a0bajo la consigna \u201cPor una Navidad sin hambre\u201d frente a la sede de la cartera social, en la intersecci\u00f3n de la Avenida 9 de Julio y Moreno.<\/p>\n<p>Ayer por la tarde jugaron un partido de \u201cf\u00fatbol piquetero\u201d donde se enfrentaron \u201c<strong>Argentina vs. el Hambre y el Ajuste<\/strong>\u201c.<\/p>\n<p>Luego hicieron un segundo partido con \u201chinchadas antifascistas contra el ahorcamiento de Amir Nasr-Azadani\u201d, el futbolista iran\u00ed condenado a muerte, y de \u201cning\u00fan luchador ni luchadora popular\u201d.<\/p>\n<p>Las columnas de manifestantes portaron un estandarte con la consigna \u201c<strong>Basta de ajuste, fuera el FMI<\/strong>\u201c, y se acercaron desde el Obelisco por la avenida 9 de Julio, que estuvo cortada en ambas manos desde el mediod\u00eda.<\/p>\n<p>La protesta con acampes y cortes de ruta se replic\u00f3 en\u00a0<strong>63 ciudades del pa\u00eds<\/strong>, seg\u00fan indic\u00f3 la UP. <strong>(VW)<\/strong><\/p>\n<p>&nbsp;<\/p>\n","protected":false},"excerpt":{"rendered":"<p>Estaban desde ayer frente al Ministerio de Desarrollo Social, con la consigna \u201cPor una Navidad sin hambre\u201d. Tendr\u00e1n otra reuni\u00f3n el pr\u00f3ximo mi\u00e9rcoles.\u00a0<\/p>\n","protected":false},"author":4,"featured_media":8808,"comment_status":"closed","ping_status":"closed","sticky":false,"template":"","format":"standard","meta":{"_monsterinsights_skip_tracking":false,"_monsterinsights_sitenote_active":false,"_monsterinsights_sitenote_note":"","_monsterinsights_sitenote_category":0,"footnotes":""},"categories":[4,5],"tags":[3393,3677,3676,3675],"class_list":["post-8806","post","type-post","status-publish","format-standard","has-post-thumbnail","hentry","category-politica","category-sociedad","tag-cortes-y-acampe","tag-partido-de-futbo-piquetero","tag-reunion-con-tolosa-paz","tag-unidad-piquetera"],"_links":{"self":[{"href":"https:\/\/www.visionweb.com.ar\/index.php?rest_route=\/wp\/v2\/posts\/8806","targetHints":{"allow":["GET"]}}],"collection":[{"href":"https:\/\/www.visionweb.com.ar\/index.php?rest_route=\/wp\/v2\/posts"}],"about":[{"href":"https:\/\/www.visionweb.com.ar\/index.php?rest_route=\/wp\/v2\/types\/post"}],"author":[{"embeddable":true,"href":"https:\/\/www.visionweb.com.ar\/index.php?rest_route=\/wp\/v2\/users\/4"}],"replies":[{"embeddable":true,"href":"https:\/\/www.visionweb.com.ar\/index.php?rest_route=%2Fwp%2Fv2%2Fcomments&post=8806"}],"version-history":[{"count":2,"href":"https:\/\/www.visionweb.com.ar\/index.php?rest_route=\/wp\/v2\/posts\/8806\/revisions"}],"predecessor-version":[{"id":8809,"href":"https:\/\/www.visionweb.com.ar\/index.php?rest_route=\/wp\/v2\/posts\/8806\/revisions\/8809"}],"wp:featuredmedia":[{"embeddable":true,"href":"https:\/\/www.visionweb.com.ar\/index.php?rest_route=\/wp\/v2\/media\/8808"}],"wp:attachment":[{"href":"https:\/\/www.visionweb.com.ar\/index.php?rest_route=%2Fwp%2Fv2%2Fmedia&parent=8806"}],"wp:term":[{"taxonomy":"category","embeddable":true,"href":"https:\/\/www.visionweb.com.ar\/index.php?rest_route=%2Fwp%2Fv2%2Fcategories&post=8806"},{"taxonomy":"post_tag","embeddable":true,"href":"https:\/\/www.visionweb.com.ar\/index.php?rest_route=%2Fwp%2Fv2%2Ftags&post=8806"}],"curies":[{"name":"wp","href":"https:\/\/api.w.org\/{rel}","templated":true}]}}