{"id":8802,"date":"2022-12-23T17:12:43","date_gmt":"2022-12-23T20:12:43","guid":{"rendered":"https:\/\/www.visionweb.com.ar\/?p=8802"},"modified":"2022-12-23T17:12:43","modified_gmt":"2022-12-23T20:12:43","slug":"papa-noel-estara-hoy-y-manana-en-diferentes-puntos-de-la-zona-sur","status":"publish","type":"post","link":"https:\/\/www.visionweb.com.ar\/?p=8802","title":{"rendered":"PAP\u00c1 NOEL estar\u00e1 hoy y ma\u00f1ana en diferentes puntos de la zona sur"},"content":{"rendered":"<p><em><strong>En Lomas de Zamora, Avellaneda y Esteban Echeverr\u00eda tienen distintas propuestas<\/strong>\u00a0<strong>para que los vecinos puedan disfrutar, como shows en vivo, descuentos y promociones en la antesala de la Navidad, que se celebra este s\u00e1bado.<\/strong><\/em><strong>\u00a0<\/strong><!--more--><\/p>\n<p><strong><img loading=\"lazy\" decoding=\"async\" class=\"size-medium wp-image-8804 alignleft\" src=\"https:\/\/www.visionweb.com.ar\/wp-content\/uploads\/2022\/12\/papa-noel-300x223.jpg\" alt=\"\" width=\"300\" height=\"223\" srcset=\"https:\/\/www.visionweb.com.ar\/wp-content\/uploads\/2022\/12\/papa-noel-300x223.jpg 300w, https:\/\/www.visionweb.com.ar\/wp-content\/uploads\/2022\/12\/papa-noel.bmp 693w\" sizes=\"auto, (max-width: 300px) 100vw, 300px\" \/>L<\/strong>os <strong>Bomberos voluntarios de Lomas de Zamora (BVLZ) <\/strong>confirmaron que una vez m\u00e1s <strong>Pap\u00e1 Noel visitar\u00e1 el cuartel de Saavedra\u00a0<\/strong>para saludar a los chicos y chicas y \u00a0recibir\u00e1 las cartas.<\/p>\n<p>Los Bomberos de Lomas de Zamora lo anunciaron as\u00ed: <strong>\u201cPap\u00e1 Noel se est\u00e1 preparando para visitarnos en el Cuartel\u201d<\/strong>. El mismo d\u00eda en que recorre el mundo entero en su trineo para llevar los regalitos a cada casa.<\/p>\n<p>El tan esperado personaje estar\u00e1 el\u00a0<strong>24 de diciembre, desde las 9, en el cuartel de los BVLZ ubicado en Saavedra 46<\/strong>, pleno centro de Lomas, para recibir las cartas, como a la vez, llevarse fotos de recuerdo.<\/p>\n<p>En\u00a0<strong>Avellaneda<\/strong>, llevar\u00e1n adelante un\u00a0<strong>concierto navide\u00f1o<\/strong>\u00a0que tendr\u00e1 como invitado especial a Nahuel Pennisi quien brindar\u00e1 un espect\u00e1culo para todos los vecinos.<\/p>\n<p>El evento, que promete ser muy emotivo, se llevar\u00e1 a cabo <strong>hoy 23 de diciembre, a las 20.30<\/strong>, en el\u00a0<strong>Parque La Estaci\u00f3n<\/strong>, ubicado en G\u00fcemes 700 de Sarand\u00ed. Misa criolla y canciones argentinas para disfrutar antes de la llegada de Pap\u00e1 Noel.<\/p>\n<p>\u201cCelebramos las Fiestas con un show imperdible:\u00a0<strong>Nahuel Pennisi junto a la Orquesta Sinf\u00f3nica dirigida por el Mtro Popi Spatocco, y el Coro del Instituto de M\u00fasica de la Municipalidad de Avellaneda, dirigido por Pablo Manzanelli\u201d<\/strong>, anunciaron desde el Municipio.<\/p>\n<p>Mientras que en <strong>Esteban Echeverr\u00eda<\/strong>,\u00a0<strong>dos centros comerciales funcionar\u00e1n como peatonales<\/strong>, en la antesala de la Navidad.<\/p>\n<p>As\u00ed, este viernes 23 de diciembre,<strong>\u00a0a partir de las 16 y hasta las 21<\/strong>, las calles Evita de\u00a0<strong>El Jag\u00fcel<\/strong>\u00a0y Leandro N. Alem de\u00a0<strong>Monte Grande<\/strong>, se convertir\u00e1n en peatonal para alentar el comercio local y dar una mayor comodidad a los vecinos que se acerquen a realizar las compras navide\u00f1as.<\/p>\n<p>En este sentido, la calle Evita, la peatonal ser\u00e1\u00a0<strong>desde la Ruta 205 hasta la calle Mitre<\/strong>. En tanto, en Monte Grande tendr\u00e1 su peatonal sobre la calle Alem, desde\u00a0<strong>la plaza Mitre hasta la avenida Dardo Rocha<\/strong><strong>.<\/strong><strong> (VW)<\/strong><\/p>\n<p>&nbsp;<\/p>\n<p>&nbsp;<\/p>\n","protected":false},"excerpt":{"rendered":"<p>En Lomas de Zamora, Avellaneda y Esteban Echeverr\u00eda tienen distintas propuestas\u00a0para que los vecinos puedan disfrutar, como shows en vivo, descuentos y promociones en la antesala de la Navidad, que se celebra este s\u00e1bado.\u00a0<\/p>\n","protected":false},"author":4,"featured_media":8804,"comment_status":"closed","ping_status":"closed","sticky":false,"template":"","format":"standard","meta":{"_monsterinsights_skip_tracking":false,"_monsterinsights_sitenote_active":false,"_monsterinsights_sitenote_note":"","_monsterinsights_sitenote_category":0,"footnotes":""},"categories":[8],"tags":[83,1577,834,2524,1576],"class_list":["post-8802","post","type-post","status-publish","format-standard","has-post-thumbnail","hentry","category-interes-general","tag-avellaneda","tag-bomberos-voluntarios","tag-esteban-echeverria","tag-lomas-d-zamora","tag-papa-noel"],"_links":{"self":[{"href":"https:\/\/www.visionweb.com.ar\/index.php?rest_route=\/wp\/v2\/posts\/8802","targetHints":{"allow":["GET"]}}],"collection":[{"href":"https:\/\/www.visionweb.com.ar\/index.php?rest_route=\/wp\/v2\/posts"}],"about":[{"href":"https:\/\/www.visionweb.com.ar\/index.php?rest_route=\/wp\/v2\/types\/post"}],"author":[{"embeddable":true,"href":"https:\/\/www.visionweb.com.ar\/index.php?rest_route=\/wp\/v2\/users\/4"}],"replies":[{"embeddable":true,"href":"https:\/\/www.visionweb.com.ar\/index.php?rest_route=%2Fwp%2Fv2%2Fcomments&post=8802"}],"version-history":[{"count":2,"href":"https:\/\/www.visionweb.com.ar\/index.php?rest_route=\/wp\/v2\/posts\/8802\/revisions"}],"predecessor-version":[{"id":8805,"href":"https:\/\/www.visionweb.com.ar\/index.php?rest_route=\/wp\/v2\/posts\/8802\/revisions\/8805"}],"wp:featuredmedia":[{"embeddable":true,"href":"https:\/\/www.visionweb.com.ar\/index.php?rest_route=\/wp\/v2\/media\/8804"}],"wp:attachment":[{"href":"https:\/\/www.visionweb.com.ar\/index.php?rest_route=%2Fwp%2Fv2%2Fmedia&parent=8802"}],"wp:term":[{"taxonomy":"category","embeddable":true,"href":"https:\/\/www.visionweb.com.ar\/index.php?rest_route=%2Fwp%2Fv2%2Fcategories&post=8802"},{"taxonomy":"post_tag","embeddable":true,"href":"https:\/\/www.visionweb.com.ar\/index.php?rest_route=%2Fwp%2Fv2%2Ftags&post=8802"}],"curies":[{"name":"wp","href":"https:\/\/api.w.org\/{rel}","templated":true}]}}