{"id":8794,"date":"2022-12-23T07:30:20","date_gmt":"2022-12-23T10:30:20","guid":{"rendered":"https:\/\/www.visionweb.com.ar\/?p=8794"},"modified":"2022-12-23T07:30:20","modified_gmt":"2022-12-23T10:30:20","slug":"coparticipacion-el-gobierno-no-acatara-el-fallo-y-recusara-a-los-jueces","status":"publish","type":"post","link":"https:\/\/www.visionweb.com.ar\/?p=8794","title":{"rendered":"Coparticipaci\u00f3n: El Gobierno no acatar\u00e1 el fallo y recusar\u00e1 a los jueces"},"content":{"rendered":"<p><strong><em>El Estado nacional presentar\u00e1 un pedido de revocatoria \u201cin extremis\u201d contra la resoluci\u00f3n cautelar dictada por el m\u00e1ximo tribunal que dispuso que el Gobierno destinara el 2,95 por ciento del volumen de impuestos coparticipables a la Ciudad de Buenos Aires.<\/em><\/strong><!--more--><\/p>\n<p><img loading=\"lazy\" decoding=\"async\" class=\"size-medium wp-image-8795 alignright\" src=\"https:\/\/www.visionweb.com.ar\/wp-content\/uploads\/2022\/12\/TRIBUNALES-300x122.png\" alt=\"\" width=\"300\" height=\"122\" srcset=\"https:\/\/www.visionweb.com.ar\/wp-content\/uploads\/2022\/12\/TRIBUNALES-300x122.png 300w, https:\/\/www.visionweb.com.ar\/wp-content\/uploads\/2022\/12\/TRIBUNALES.png 640w\" sizes=\"auto, (max-width: 300px) 100vw, 300px\" \/> \u00a0<strong>E<\/strong>l presidente Alberto Fern\u00e1ndez decidi\u00f3 recusar a los miembros de la Corte Suprema de la Naci\u00f3n y presentar un pedido de revocatoria \u00abin extremis\u00bb contra la resoluci\u00f3n cautelar dictada por el m\u00e1ximo tribunal que dispuso que el Gobierno destinara el 2,95% del volumen de impuestos coparticipables a la Ciudad de Buenos Aires, se inform\u00f3 oficialmente.<\/p>\n<p>\u00abEn un fallo in\u00e9dito, incongruente y de imposible cumplimiento, la Corte Suprema de Justicia de la Naci\u00f3n, sin fundar el modo por el cual construye dicho monto, decide aumentar ese porcentaje al 2,95; es decir, le otorga a la Ciudad de Buenos Aires m\u00e1s de 180 mil millones de pesos adicionales a los que ya percibe\u00bb, argument\u00f3 el Gobierno, a trav\u00e9s de un comunicado, tras una reuni\u00f3n que mantuvo con gobernadores peronistas.<\/p>\n<p>Posteriormente, el mandatario reiter\u00f3 en declaraciones al canal C5N que el fallo es \u00abmuy singular\u00bb y de \u00abimposible cumplimiento\u00bb, consign\u00f3 la agencia Telam.<\/p>\n<p>El Gobierno, con el acuerdo de 14 gobernadores que firmaron el documento, consider\u00f3 que lo resuelto por el m\u00e1ximo tribunal constituye \u201cun fallo pol\u00edtico, de cara al a\u00f1o electoral\u201d y advirti\u00f3 que, con esa decisi\u00f3n, \u201cla Corte Suprema pretende sustraerles recursos a todas las provincias para d\u00e1rselos al jefe de gobierno de la CABA\u201d.<\/p>\n<p>\u201cEsta medida es, en las condiciones actuales, de imposible cumplimiento, toda vez que el Congreso Nacional aprob\u00f3 por ley el presupuesto 2023 sin contemplar cr\u00e9dito presupuestario para tal finalidad\u201d, explic\u00f3 el comunicado difundido por la oficina de la portavoz de la Presidencia.<\/p>\n<p>Adem\u00e1s, el Gobierno consider\u00f3 que la Corte argument\u00f3 \u201cde manera ins\u00f3lita\u201d que \u201ctransferirle estos montos millonarios a la CABA no afecta a las provincias argentinas\u201d y advirti\u00f3: \u201cEsto es completamente falso: esos recursos saldr\u00edan del presupuesto nacional, que se ejecuta en pol\u00edticas p\u00fablicas, en todo el territorio de la Naci\u00f3n\u201d.<\/p>\n<p>El Presidente tom\u00f3 la decisi\u00f3n de recusar a los jueces de la Corte Suprema esta tarde tras una reuni\u00f3n que mantuvo con gobernadores peronistas en la Casa Rosada, en un encuentro convocado para analizar las consecuencias de lo dispuesto ayer por el alto tribunal, que suspendi\u00f3 la aplicaci\u00f3n de una ley del Congreso y modific\u00f3 de 2,30% a 2,95% el porcentaje coparticipable para el distrito gestionado por Horacio Rodr\u00edguez Larreta.<\/p>\n<p>El documento lleva las firmas de los gobernadores y gobernadoras de Buenos Aires, Catamarca, Chaco, Chubut, Entre R\u00edos, Formosa, La Pampa, La Rioja, San Juan, San Luis, Santa Cruz, Santiago del Estero, Tierra del Fuego y Tucum\u00e1n.<\/p>\n<p>Esas provincias \u201cal verse afectadas en forma directa por la arbitraria decisi\u00f3n adoptada por la CSJN, instruir\u00e1n a las autoridades competentes de sus jurisdicciones para que los estados provinciales soliciten ser tenidos por parte en el expediente acompa\u00f1ando la recusaci\u00f3n\u201d y para que soliciten la revocaci\u00f3n \u201cin extremis\u201d de la resoluci\u00f3n cautelar, seg\u00fan el documento.<\/p>\n<p>Ayer, en un fallo firmado por los cuatro miembros de la Corte (Horacio Rosatti, Ricardo Lorenzetti, Juan Carlos Maqueda y Carlos Rosenkrantz) se orden\u00f3 al Gobierno Nacional que pague a la Ciudad de Buenos Aires el 2,95% del volumen de impuestos coparticipables.<\/p>\n<p>El origen de la controversia data del 2016, cuando el entonces presidente Mauricio Macri firm\u00f3 un decreto que aumentaba del 1,4% al 3,75% la participaci\u00f3n correspondiente a CABA por la coparticipaci\u00f3n federal. Luego, con otro decreto, el fundador del PRO modific\u00f3 ese n\u00famero y lo fij\u00f3 en 3,5%.<\/p>\n<p>La explicaci\u00f3n de entonces del Gobierno de Cambiemos fue que el monto respond\u00eda al \u201cConvenio de Transferencia Progresiva a la Ciudad Aut\u00f3noma de Buenos Aires de facultades y funciones de seguridad en todas las materias no federales ejercidas\u201d en la ciudad.<\/p>\n<p>De acuerdo con ese planteo, el distrito comandado por Horacio Rodr\u00edguez Larreta exig\u00eda 112 mil millones de pesos para una fuerza de 19 mil agentes, algo que contrasta con los 70 mil millones de pesos que recibe la Polic\u00eda Federal para sus 32 mil efectivos.<\/p>\n<p>En 2020, ya durante el Gobierno de Alberto Fern\u00e1ndez, se redujo ese porcentaje y se sancion\u00f3 una ley en el Congreso para fijar el monto que deb\u00eda pagarse a la Ciudad.<\/p>\n<p>\u201cEn la actualidad, seg\u00fan la ley 27.606 vigente y aprobada por el Congreso Nacional la Ciudad de Buenos Aires recibe, como lo hace desde el a\u00f1o 2002, el equivalente al 1,4% del total de los fondos coparticipables y, adem\u00e1s, el monto equivalente al costo de funcionamiento de la polic\u00eda de la Ciudad de Buenos Aires que se le transfiri\u00f3 en el a\u00f1o 2016\u201d, record\u00f3 el Gobierno en un documento publicado este jueves.<\/p>\n<p>El m\u00e1ximo tribunal -si bien no resolvi\u00f3 la cuesti\u00f3n de fondo- aval\u00f3 la medida cautelar pedida por el Gobierno porte\u00f1o, que en t\u00e9rminos pr\u00e1cticos har\u00e1 que los pagos de ese 2,95% deban ser realizados \u201cen forma diaria y autom\u00e1tica\u201d por el Banco de la Naci\u00f3n Argentina y quede suspendida la ley 27.606 que le otorgaba 2,32%<strong>(VW)<\/strong>.<\/p>\n<p>&nbsp;<\/p>\n<p>&nbsp;<\/p>\n","protected":false},"excerpt":{"rendered":"<p>El Estado nacional presentar\u00e1 un pedido de revocatoria \u201cin extremis\u201d contra la resoluci\u00f3n cautelar dictada por el m\u00e1ximo tribunal que dispuso que el Gobierno destinara el 2,95 por ciento del volumen de impuestos coparticipables&#46;&#46;&#46;<\/p>\n","protected":false},"author":3,"featured_media":8795,"comment_status":"closed","ping_status":"closed","sticky":false,"template":"","format":"standard","meta":{"_monsterinsights_skip_tracking":false,"_monsterinsights_sitenote_active":false,"_monsterinsights_sitenote_note":"","_monsterinsights_sitenote_category":0,"footnotes":""},"categories":[4],"tags":[3673,694,445,3674],"class_list":["post-8794","post","type-post","status-publish","format-standard","has-post-thumbnail","hentry","category-politica","tag-coparticiacion","tag-fallo","tag-gobierno","tag-rechazo"],"_links":{"self":[{"href":"https:\/\/www.visionweb.com.ar\/index.php?rest_route=\/wp\/v2\/posts\/8794","targetHints":{"allow":["GET"]}}],"collection":[{"href":"https:\/\/www.visionweb.com.ar\/index.php?rest_route=\/wp\/v2\/posts"}],"about":[{"href":"https:\/\/www.visionweb.com.ar\/index.php?rest_route=\/wp\/v2\/types\/post"}],"author":[{"embeddable":true,"href":"https:\/\/www.visionweb.com.ar\/index.php?rest_route=\/wp\/v2\/users\/3"}],"replies":[{"embeddable":true,"href":"https:\/\/www.visionweb.com.ar\/index.php?rest_route=%2Fwp%2Fv2%2Fcomments&post=8794"}],"version-history":[{"count":1,"href":"https:\/\/www.visionweb.com.ar\/index.php?rest_route=\/wp\/v2\/posts\/8794\/revisions"}],"predecessor-version":[{"id":8796,"href":"https:\/\/www.visionweb.com.ar\/index.php?rest_route=\/wp\/v2\/posts\/8794\/revisions\/8796"}],"wp:featuredmedia":[{"embeddable":true,"href":"https:\/\/www.visionweb.com.ar\/index.php?rest_route=\/wp\/v2\/media\/8795"}],"wp:attachment":[{"href":"https:\/\/www.visionweb.com.ar\/index.php?rest_route=%2Fwp%2Fv2%2Fmedia&parent=8794"}],"wp:term":[{"taxonomy":"category","embeddable":true,"href":"https:\/\/www.visionweb.com.ar\/index.php?rest_route=%2Fwp%2Fv2%2Fcategories&post=8794"},{"taxonomy":"post_tag","embeddable":true,"href":"https:\/\/www.visionweb.com.ar\/index.php?rest_route=%2Fwp%2Fv2%2Ftags&post=8794"}],"curies":[{"name":"wp","href":"https:\/\/api.w.org\/{rel}","templated":true}]}}