{"id":8789,"date":"2022-12-22T17:44:48","date_gmt":"2022-12-22T20:44:48","guid":{"rendered":"https:\/\/www.visionweb.com.ar\/?p=8789"},"modified":"2022-12-22T17:44:48","modified_gmt":"2022-12-22T20:44:48","slug":"provincia-buscan-reducir-a-30-km-el-limite-de-velocidad-en-las-calles","status":"publish","type":"post","link":"https:\/\/www.visionweb.com.ar\/?p=8789","title":{"rendered":"Provincia: Buscan reducir a 30 km el l\u00edmite de velocidad en las calles"},"content":{"rendered":"<p><em><strong>Ser\u00eda con una ley para bajar la velocidad de 40 a 30 kil\u00f3metros por hora.\u00a0D\u2019Onofrio detall\u00f3 que bajar el l\u00edmite de velocidad servir\u00e1 para mejorar la seguridad de las personas que circulen.<\/strong><\/em><!--more--><\/p>\n<p><strong> <img loading=\"lazy\" decoding=\"async\" class=\"size-medium wp-image-8791 alignright\" src=\"https:\/\/www.visionweb.com.ar\/wp-content\/uploads\/2022\/12\/velocidad-30-300x165.jpg\" alt=\"\" width=\"300\" height=\"165\" srcset=\"https:\/\/www.visionweb.com.ar\/wp-content\/uploads\/2022\/12\/velocidad-30-300x165.jpg 300w, https:\/\/www.visionweb.com.ar\/wp-content\/uploads\/2022\/12\/velocidad-30-768x422.jpg 768w, https:\/\/www.visionweb.com.ar\/wp-content\/uploads\/2022\/12\/velocidad-30.bmp 782w\" sizes=\"auto, (max-width: 300px) 100vw, 300px\" \/>\u00a0 E<\/strong>l ministro de Transporte bonaerense\u00a0Jorge D\u2019Onofrio, adelant\u00f3 que el <strong>Gobierno provincial buscar\u00e1 avanzar con una ley para reducir el l\u00edmite de velocidad<\/strong> de circulaci\u00f3n en las ciudades, de 40 a 30 kil\u00f3metros por hora.<\/p>\n<p>Luego de la aprobaci\u00f3n de la Ley de Alcohol Cero en\u00a0la Legislatura, la Provincia buscar\u00e1 ahora reducir el l\u00edmite de velocidad con el que circulan los veh\u00edculos dentro de las urbes.<\/p>\n<p>\u201cEl pr\u00f3ximo desaf\u00edo que tenemos es<strong> llevar a la Legislatura otra modificaci\u00f3n a la Ley de Tr\u00e1nsito<\/strong>, que es reducir la velocidad del ejido urbano de 40 a 30 kil\u00f3metros por hora\u201d, anunci\u00f3 D\u2019Onofrio.<\/p>\n<p>Hoy el l\u00edmite de velocidad en calles de la provincia\u00a0<strong>llega a los 40 kil\u00f3metros por hora<\/strong>\u00a0mientras que en avenidas es de 60, de acuerdo con la normativa nacional.<\/p>\n<p>El funcionario bonaerense argument\u00f3 que: \u201cEsto no s\u00f3lo hace que tengamos un accionar mucho m\u00e1s seguro, sino que\u00a0<strong>un impacto a 30 kil\u00f3metros por hora es 19 veces menos letal que uno de 40\u201d, ejemplific\u00f3.<\/strong><\/p>\n<p>El ministro en esa l\u00ednea, consider\u00f3 que la modificaci\u00f3n \u201cser\u00e1 materia de debate\u201d, mientras que llam\u00f3 a\u00a0<strong>\u201ctrabajar la conciencia de quienes usamos el espacio p\u00fablico\u201d.<\/strong><\/p>\n<p>Con respecto a la Ley de Alcohol Cero D\u2019Onofrio resalt\u00f3 que da \u201cla posibilidad de tomar un paso m\u00e1s en la toma de conciencia\u201d. <strong>\u201cDesde mitad de a\u00f1o para ac\u00e1, la cantidad de infracciones por alcoholemia han bajado. Esto nos permite inferir que el primer paso de conciencia se est\u00e1 dando\u201d<\/strong>, analiz\u00f3. <strong>(VW)<\/strong><\/p>\n<p>&nbsp;<\/p>\n","protected":false},"excerpt":{"rendered":"<p>Ser\u00eda con una ley para bajar la velocidad de 40 a 30 kil\u00f3metros por hora.\u00a0D\u2019Onofrio detall\u00f3 que bajar el l\u00edmite de velocidad servir\u00e1 para mejorar la seguridad de las personas que circulen.<\/p>\n","protected":false},"author":4,"featured_media":8791,"comment_status":"closed","ping_status":"closed","sticky":false,"template":"","format":"standard","meta":{"_monsterinsights_skip_tracking":false,"_monsterinsights_sitenote_active":false,"_monsterinsights_sitenote_note":"","_monsterinsights_sitenote_category":0,"footnotes":""},"categories":[4,5],"tags":[3672,356,3671],"class_list":["post-8789","post","type-post","status-publish","format-standard","has-post-thumbnail","hentry","category-politica","category-sociedad","tag-d-onofrio","tag-provincia","tag-reducir-el-limite-de-velocidad-a-30"],"_links":{"self":[{"href":"https:\/\/www.visionweb.com.ar\/index.php?rest_route=\/wp\/v2\/posts\/8789","targetHints":{"allow":["GET"]}}],"collection":[{"href":"https:\/\/www.visionweb.com.ar\/index.php?rest_route=\/wp\/v2\/posts"}],"about":[{"href":"https:\/\/www.visionweb.com.ar\/index.php?rest_route=\/wp\/v2\/types\/post"}],"author":[{"embeddable":true,"href":"https:\/\/www.visionweb.com.ar\/index.php?rest_route=\/wp\/v2\/users\/4"}],"replies":[{"embeddable":true,"href":"https:\/\/www.visionweb.com.ar\/index.php?rest_route=%2Fwp%2Fv2%2Fcomments&post=8789"}],"version-history":[{"count":2,"href":"https:\/\/www.visionweb.com.ar\/index.php?rest_route=\/wp\/v2\/posts\/8789\/revisions"}],"predecessor-version":[{"id":8792,"href":"https:\/\/www.visionweb.com.ar\/index.php?rest_route=\/wp\/v2\/posts\/8789\/revisions\/8792"}],"wp:featuredmedia":[{"embeddable":true,"href":"https:\/\/www.visionweb.com.ar\/index.php?rest_route=\/wp\/v2\/media\/8791"}],"wp:attachment":[{"href":"https:\/\/www.visionweb.com.ar\/index.php?rest_route=%2Fwp%2Fv2%2Fmedia&parent=8789"}],"wp:term":[{"taxonomy":"category","embeddable":true,"href":"https:\/\/www.visionweb.com.ar\/index.php?rest_route=%2Fwp%2Fv2%2Fcategories&post=8789"},{"taxonomy":"post_tag","embeddable":true,"href":"https:\/\/www.visionweb.com.ar\/index.php?rest_route=%2Fwp%2Fv2%2Ftags&post=8789"}],"curies":[{"name":"wp","href":"https:\/\/api.w.org\/{rel}","templated":true}]}}