{"id":8785,"date":"2022-12-22T17:18:00","date_gmt":"2022-12-22T20:18:00","guid":{"rendered":"https:\/\/www.visionweb.com.ar\/?p=8785"},"modified":"2022-12-22T17:18:00","modified_gmt":"2022-12-22T20:18:00","slug":"en-caba-no-habra-asueto-los-dias-23-y-30-de-diciembre","status":"publish","type":"post","link":"https:\/\/www.visionweb.com.ar\/?p=8785","title":{"rendered":"En CABA no habr\u00e1 asueto los d\u00edas 23 y 30 de diciembre"},"content":{"rendered":"<p><em><strong>El Gobierno de la Ciudad no adhiere al asueto, por lo cual habr\u00e1 actividad normalmente. Lo anunci\u00f3 hoy a trav\u00e9s de un comunicado.<\/strong><\/em><strong>\u00a0<\/strong><!--more--><\/p>\n<p><strong> <img loading=\"lazy\" decoding=\"async\" class=\"size-medium wp-image-8787 alignright\" src=\"https:\/\/www.visionweb.com.ar\/wp-content\/uploads\/2022\/12\/palacio-municipal-caba-300x207.jpg\" alt=\"\" width=\"300\" height=\"207\" srcset=\"https:\/\/www.visionweb.com.ar\/wp-content\/uploads\/2022\/12\/palacio-municipal-caba-300x207.jpg 300w, https:\/\/www.visionweb.com.ar\/wp-content\/uploads\/2022\/12\/palacio-municipal-caba-768x531.jpg 768w, https:\/\/www.visionweb.com.ar\/wp-content\/uploads\/2022\/12\/palacio-municipal-caba.bmp 786w\" sizes=\"auto, (max-width: 300px) 100vw, 300px\" \/>\u00a0 <\/strong><strong>M<\/strong>ediante<strong> un comunicado, el<\/strong><strong> Gobierno porte\u00f1o resolvi\u00f3 que no adhiere al asueto <\/strong><strong>dispuesto por el Gobierno Nacional, <\/strong>mediante el Decreto 820\/2022, y en la<strong> Ciudad habr\u00e1 actividad normalmente.<\/strong><\/p>\n<p>\u201cAnte el<strong> asueto dispuesto por el Gobierno Nacional<\/strong>\u00a0 para los d\u00edas 23 y 30 de diciembre mediante el Decreto 820,\u00a0<strong>el Gobierno porte\u00f1o resolvi\u00f3 que la actividad en la Ciudad se desarrolle en forma habitual<\/strong>, como cualquier d\u00eda h\u00e1bil\u201d.<\/p>\n<p>La informaci\u00f3n a la vez fue ratificada por el Jefe de Gabinete porte\u00f1o <strong>Felipe Miguel<\/strong> en las redes: \u201c<strong>CABA no adhiere al asueto administrativo<\/strong> de los viernes 23 y 30 de diciembre que decret\u00f3 el Gobierno Nacional\u201d.<\/p>\n<p>Desde Ciudad, a trav\u00e9s de un comunicado, se explic\u00f3: \u201cCon la decisi\u00f3n <strong>se busca no alterar el funcionamiento de los servicios y la actividad comercial<\/strong> en consonancia con las festividades\u201d.<\/p>\n<p>Y concluy\u00f3: \u201c<strong>El Estado debe fomentar pol\u00edticas que mejoren la calidad de vida de los ciudadanos<\/strong> en lugar de regular, mediante disposiciones, la libertad y los derechos individuales\u201d.<\/p>\n<p>Ya el gobernador de la provincia de Buenos Aires Axel Kicillof,\u00a0<strong>declar\u00f3 en esa l\u00ednea, asueto en el \u00e1mbito de la administraci\u00f3n p\u00fablica bonaerense para los d\u00edas 23, 24, 30 y 31 de diciembre<\/strong>, en sinton\u00eda con lo<strong> dispuesto por el<\/strong> <strong>presidente Alberto Fern\u00e1ndez<\/strong> a nivel nacional.<\/p>\n<p><strong>Los motivos de la medida nacional:<\/strong> El decreto 820\/2022, indica que se declara asueto por\u00a0<strong>\u201csu profundo sentido religioso y conmemorativo\u201d,\u00a0<\/strong>ya que \u201clas citadas fechas son celebradas tradicionalmente por la ciudadan\u00eda mediante la uni\u00f3n y acercamiento de las familias y grupos\u201d y debido al\u00a0<strong>\u201ctraslado de muchos\/as ciudadanos\/as a distintos puntos de la Provincia y del pa\u00eds a fin de reunirse para celebrarlas\u201d.<\/strong><\/p>\n<p>De esta manera, las administraciones nacional primero y luego la provincial decidieron\u00a0<strong>otorgar los viernes 23 y del 30 \u201cpara que los empleados compartan m\u00e1s tiempo con sus familias\u201d. (VW)<\/strong><\/p>\n","protected":false},"excerpt":{"rendered":"<p>El Gobierno de la Ciudad no adhiere al asueto, por lo cual habr\u00e1 actividad normalmente. Lo anunci\u00f3 hoy a trav\u00e9s de un comunicado.\u00a0<\/p>\n","protected":false},"author":4,"featured_media":8787,"comment_status":"closed","ping_status":"closed","sticky":false,"template":"","format":"standard","meta":{"_monsterinsights_skip_tracking":false,"_monsterinsights_sitenote_active":false,"_monsterinsights_sitenote_note":"","_monsterinsights_sitenote_category":0,"footnotes":""},"categories":[4,5],"tags":[330,591,3669,3670],"class_list":["post-8785","post","type-post","status-publish","format-standard","has-post-thumbnail","hentry","category-politica","category-sociedad","tag-caba","tag-comunicado","tag-no-adhiere-al-asueto","tag-viernes-23-y-30-de-diciembre"],"_links":{"self":[{"href":"https:\/\/www.visionweb.com.ar\/index.php?rest_route=\/wp\/v2\/posts\/8785","targetHints":{"allow":["GET"]}}],"collection":[{"href":"https:\/\/www.visionweb.com.ar\/index.php?rest_route=\/wp\/v2\/posts"}],"about":[{"href":"https:\/\/www.visionweb.com.ar\/index.php?rest_route=\/wp\/v2\/types\/post"}],"author":[{"embeddable":true,"href":"https:\/\/www.visionweb.com.ar\/index.php?rest_route=\/wp\/v2\/users\/4"}],"replies":[{"embeddable":true,"href":"https:\/\/www.visionweb.com.ar\/index.php?rest_route=%2Fwp%2Fv2%2Fcomments&post=8785"}],"version-history":[{"count":2,"href":"https:\/\/www.visionweb.com.ar\/index.php?rest_route=\/wp\/v2\/posts\/8785\/revisions"}],"predecessor-version":[{"id":8788,"href":"https:\/\/www.visionweb.com.ar\/index.php?rest_route=\/wp\/v2\/posts\/8785\/revisions\/8788"}],"wp:featuredmedia":[{"embeddable":true,"href":"https:\/\/www.visionweb.com.ar\/index.php?rest_route=\/wp\/v2\/media\/8787"}],"wp:attachment":[{"href":"https:\/\/www.visionweb.com.ar\/index.php?rest_route=%2Fwp%2Fv2%2Fmedia&parent=8785"}],"wp:term":[{"taxonomy":"category","embeddable":true,"href":"https:\/\/www.visionweb.com.ar\/index.php?rest_route=%2Fwp%2Fv2%2Fcategories&post=8785"},{"taxonomy":"post_tag","embeddable":true,"href":"https:\/\/www.visionweb.com.ar\/index.php?rest_route=%2Fwp%2Fv2%2Ftags&post=8785"}],"curies":[{"name":"wp","href":"https:\/\/api.w.org\/{rel}","templated":true}]}}