{"id":8779,"date":"2022-12-22T16:06:36","date_gmt":"2022-12-22T19:06:36","guid":{"rendered":"https:\/\/www.visionweb.com.ar\/?p=8779"},"modified":"2022-12-22T16:06:36","modified_gmt":"2022-12-22T19:06:36","slug":"hoy-y-manana-abriran-comercios-durante-la-noche","status":"publish","type":"post","link":"https:\/\/www.visionweb.com.ar\/?p=8779","title":{"rendered":"Hoy y ma\u00f1ana abrir\u00e1n comercios durante la noche"},"content":{"rendered":"<p><em><strong>Este jueves y ma\u00f1ana viernes, habr\u00e1 dos eventos\u00a0previos a la Navidad:\u00a0La\u00a0\u00abNoche de los Centros Comerciales a Cielo Abierto\u00bb\u00a0y La Noche de los Shoppings. Ofrecen descuentos y promociones.<\/strong><\/em><!--more--><\/p>\n<p><strong> S<\/strong>e trata de la<strong>\u00a0<\/strong><strong>\u00abNoche de los Centros Comerciales a Cielo Abierto\u00bb<\/strong><strong>\u00a0y \u00abLa Noche de los Shoppings\u00bb.\u00a0<\/strong><\/p>\n<p><img loading=\"lazy\" decoding=\"async\" class=\"size-medium wp-image-8782 alignright\" src=\"https:\/\/www.visionweb.com.ar\/wp-content\/uploads\/2022\/12\/comercios-caba1-300x300.jpg\" alt=\"\" width=\"300\" height=\"300\" srcset=\"https:\/\/www.visionweb.com.ar\/wp-content\/uploads\/2022\/12\/comercios-caba1-300x300.jpg 300w, https:\/\/www.visionweb.com.ar\/wp-content\/uploads\/2022\/12\/comercios-caba1-150x150.jpg 150w, https:\/\/www.visionweb.com.ar\/wp-content\/uploads\/2022\/12\/comercios-caba1-80x80.jpg 80w, https:\/\/www.visionweb.com.ar\/wp-content\/uploads\/2022\/12\/comercios-caba1-320x320.jpg 320w, https:\/\/www.visionweb.com.ar\/wp-content\/uploads\/2022\/12\/comercios-caba1-65x65.jpg 65w, https:\/\/www.visionweb.com.ar\/wp-content\/uploads\/2022\/12\/comercios-caba1.bmp 517w\" sizes=\"auto, (max-width: 300px) 100vw, 300px\" \/>As\u00ed, hoy jueves llega la Noche de los Centros Comerciales a Cielo Abierto, desde las 19 horas, hasta despu\u00e9s de la medianoche, habr\u00e1 m\u00fasica en vivo, sorteos, promociones y muchas sorpresas. Lo organiza el gobierno porte\u00f1o y que funcionar\u00e1 en los 13 corredores y arterias comerciales ubicados en distintos barrios de la Capital.<\/p>\n<p>El evento que promete instalarse como \u00edcono\u00a0<strong>del sector PyME<\/strong>\u00a0porte\u00f1o.<\/p>\n<p><strong>En est\u00e1 primera edici\u00f3n<\/strong>, l<strong>os 13 ejes comerciales son:<\/strong><\/p>\n<p><strong>Villa del Parque<\/strong>\u00a0(Cuenca, entre Nazarre y Baigorria).<\/p>\n<p><strong>Palermo<\/strong>\u00a0(Cuadrante Gurruchaga &#8211; Armenia &#8211; Costa Rica y El Salvador).<\/p>\n<p><strong>Caballito<\/strong>\u00a0(Av. Acoyte y Av. Rivadavia).<\/p>\n<p><strong>Monte Castro<\/strong>\u00a0(Alvarez Jonte, entre Lope de Vega y Segurola).<\/p>\n<p><strong>Mataderos<\/strong>\u00a0(Juan Bautista Alberdi, entre Pola y Martiniano Leguizam\u00f3n).<\/p>\n<p><strong>Villa Devoto<\/strong>\u00a0(Fern\u00e1ndez de Enciso &#8211; Asunci\u00f3n &#8211; Gualeguaych\u00fa &#8211; Nueva York).<\/p>\n<p><strong>Parque de los Patricios<\/strong>\u00a0(La Rioja entre Av. Caseros y Av. Brasil).<\/p>\n<p><strong>Liniers<\/strong>\u00a0(Cnel. Ram\u00f3n L. Falc\u00f3n &#8211; Desde Jos\u00e9 Le\u00f3n Suarez hasta Carhue).<\/p>\n<p><strong>Floresta<\/strong>\u00a0(Av. Segurola, entre Juan Agust\u00edn Garc\u00eda y Pasaje Miramar).<\/p>\n<p><strong>Villa Urquiza<\/strong>\u00a0(Monroe, entre Diaz Colodrero y Bauness).<\/p>\n<p><strong>Barrio 31<\/strong>\u00a0(Carlos H. Perette, entre Islas Gal\u00e1pagos y Rodolfo Walsh).<\/p>\n<p><strong>Barrio Chino<\/strong>\u00a0(pasaje Echeverr\u00eda).<\/p>\n<p><strong>Lugano<\/strong>\u00a0(Murguiondo, entre Dellepiane y Sayos).<\/p>\n<p><a href=\"https:\/\/www.visionweb.com.ar\/wp-content\/uploads\/2022\/12\/shopping.bmp\"><img loading=\"lazy\" decoding=\"async\" class=\"size-medium wp-image-8783 alignleft\" src=\"https:\/\/www.visionweb.com.ar\/wp-content\/uploads\/2022\/12\/shopping-246x300.jpg\" alt=\"\" width=\"246\" height=\"300\" srcset=\"https:\/\/www.visionweb.com.ar\/wp-content\/uploads\/2022\/12\/shopping-246x300.jpg 246w, https:\/\/www.visionweb.com.ar\/wp-content\/uploads\/2022\/12\/shopping.bmp 398w\" sizes=\"auto, (max-width: 246px) 100vw, 246px\" \/><\/a>Adem\u00e1s, <strong>ma\u00f1ana viernes 23 estar\u00e1 La Noche de los Shoppings<\/strong>,\u00a0cuyo evento se realizar\u00e1 desde las<strong>\u00a0<\/strong><strong>20 hasta las 4<\/strong>. Estar\u00e1 concentrado en\u00a0<strong>ocho shoppings:<\/strong><\/p>\n<p><strong>\u00a0<\/strong><strong>DOT Baires Shopping.<\/strong><\/p>\n<p><strong>\u00a0<\/strong><strong>Alto Palermo.<\/strong><\/p>\n<p><strong>\u00a0<\/strong><strong>Abasto Shopping.<\/strong><\/p>\n<p><strong>\u00a0<\/strong><strong>Patio Bullrich.<\/strong><\/p>\n<p><strong>\u00a0<\/strong><strong>Alcorta Shopping.<\/strong><\/p>\n<p><strong>\u00a0<\/strong><strong>Alto Avellaneda.<\/strong><\/p>\n<p><strong>\u00a0<\/strong><strong>Soleil Premium Outlet.<\/strong><\/p>\n<p><strong>\u00a0<\/strong><strong>Distrito Arcos.<\/strong><\/p>\n<p><strong>\u00a0<\/strong><strong>En este caso, la iniciativa la organiza IRSA<\/strong><strong>\u00a0<\/strong>en sus mayores centros comerciales. El evento incluye shows en vivo, promociones y descuentos que en su mayor\u00eda van del 20% al 50% en ropa, juguetes, perfumer\u00eda, calzado, electr\u00f3nicos y libros. <strong>(VW)<\/strong><\/p>\n<p>&nbsp;<\/p>\n","protected":false},"excerpt":{"rendered":"<p>Este jueves y ma\u00f1ana viernes, habr\u00e1 dos eventos\u00a0previos a la Navidad:\u00a0La\u00a0\u00abNoche de los Centros Comerciales a Cielo Abierto\u00bb\u00a0y La Noche de los Shoppings. Ofrecen descuentos y promociones.<\/p>\n","protected":false},"author":4,"featured_media":8783,"comment_status":"closed","ping_status":"closed","sticky":false,"template":"","format":"standard","meta":{"_monsterinsights_skip_tracking":false,"_monsterinsights_sitenote_active":false,"_monsterinsights_sitenote_note":"","_monsterinsights_sitenote_category":0,"footnotes":""},"categories":[8],"tags":[3667,3665,3666,246,3668],"class_list":["post-8779","post","type-post","status-publish","format-standard","has-post-thumbnail","hentry","category-interes-general","tag-abiertos-a-la-noche","tag-la-noche-de-los-centros-comerciales","tag-la-noche-de-los-shoppings","tag-navidad","tag-visperas"],"_links":{"self":[{"href":"https:\/\/www.visionweb.com.ar\/index.php?rest_route=\/wp\/v2\/posts\/8779","targetHints":{"allow":["GET"]}}],"collection":[{"href":"https:\/\/www.visionweb.com.ar\/index.php?rest_route=\/wp\/v2\/posts"}],"about":[{"href":"https:\/\/www.visionweb.com.ar\/index.php?rest_route=\/wp\/v2\/types\/post"}],"author":[{"embeddable":true,"href":"https:\/\/www.visionweb.com.ar\/index.php?rest_route=\/wp\/v2\/users\/4"}],"replies":[{"embeddable":true,"href":"https:\/\/www.visionweb.com.ar\/index.php?rest_route=%2Fwp%2Fv2%2Fcomments&post=8779"}],"version-history":[{"count":2,"href":"https:\/\/www.visionweb.com.ar\/index.php?rest_route=\/wp\/v2\/posts\/8779\/revisions"}],"predecessor-version":[{"id":8784,"href":"https:\/\/www.visionweb.com.ar\/index.php?rest_route=\/wp\/v2\/posts\/8779\/revisions\/8784"}],"wp:featuredmedia":[{"embeddable":true,"href":"https:\/\/www.visionweb.com.ar\/index.php?rest_route=\/wp\/v2\/media\/8783"}],"wp:attachment":[{"href":"https:\/\/www.visionweb.com.ar\/index.php?rest_route=%2Fwp%2Fv2%2Fmedia&parent=8779"}],"wp:term":[{"taxonomy":"category","embeddable":true,"href":"https:\/\/www.visionweb.com.ar\/index.php?rest_route=%2Fwp%2Fv2%2Fcategories&post=8779"},{"taxonomy":"post_tag","embeddable":true,"href":"https:\/\/www.visionweb.com.ar\/index.php?rest_route=%2Fwp%2Fv2%2Ftags&post=8779"}],"curies":[{"name":"wp","href":"https:\/\/api.w.org\/{rel}","templated":true}]}}