{"id":8778,"date":"2022-12-22T15:12:11","date_gmt":"2022-12-22T18:12:11","guid":{"rendered":"https:\/\/www.visionweb.com.ar\/?p=8778"},"modified":"2022-12-23T07:00:41","modified_gmt":"2022-12-23T10:00:41","slug":"baja-el-nivel-de-desempleo-fue-de-71-en-el-tercer-trimestre-del-ano","status":"publish","type":"post","link":"https:\/\/www.visionweb.com.ar\/?p=8778","title":{"rendered":"Bajo el nivel de desempleo, fue de 7,1 en el tercer trimestre del a\u00f1o"},"content":{"rendered":"<p><em><strong>La tasa de desocupaci\u00f3n -personas que no tienen ocupaci\u00f3n, est\u00e1n disponibles para trabajar y buscan empleo activamente, como proporci\u00f3n de la PEA- se ubic\u00f3 en 7,1%.<\/strong><\/em><!--more--><\/p>\n<p><strong>\u00a0 \u00a0 \u00a0 \u00a0 <img loading=\"lazy\" decoding=\"async\" class=\"size-medium wp-image-4209 alignleft\" src=\"https:\/\/www.visionweb.com.ar\/wp-content\/uploads\/2022\/01\/lanus-empleo-300x168.jpg\" alt=\"\" width=\"300\" height=\"168\" srcset=\"https:\/\/www.visionweb.com.ar\/wp-content\/uploads\/2022\/01\/lanus-empleo-300x168.jpg 300w, https:\/\/www.visionweb.com.ar\/wp-content\/uploads\/2022\/01\/lanus-empleo.jpg 640w\" sizes=\"auto, (max-width: 300px) 100vw, 300px\" \/>\u00a0L<\/strong>a tasa de desocupaci\u00f3n en el tercer trimestre del a\u00f1o se ubic\u00f3 en el 7,1%, 1,1 puntos porcentuales por debajo del 8,2% de igual lapso de 2021 y dos d\u00e9cimas por encima del 6,9% del trimestre anterior, inform\u00f3 este jueves el Instituto Nacional de Estad\u00edstica y Censos (Indec).<\/p>\n<p>De un total de 29,2 millones de personas en 31 aglomerados urbanos, 13,9 millones (47,6%) constituyen la poblaci\u00f3n econ\u00f3micamente activa (con ocupaci\u00f3n o disponibles para trabajar) y 15,3 millones (52,4%) forman parte de la poblaci\u00f3n inactiva.<\/p>\n<p>De la poblaci\u00f3n econ\u00f3micamente activa (PEA),<strong> 12,9 millones de personas tienen al menos una ocupaci\u00f3n y un mill\u00f3n de personas est\u00e1n sin ocupaci\u00f3n<\/strong> pero buscan trabajo activamente y est\u00e1n disponibles para hacerlo.<\/p>\n<p>En el tercer trimestre de 2022, la tasa de empleo -que mide la proporci\u00f3n de personas ocupadas con relaci\u00f3n a la poblaci\u00f3n total- se ubic\u00f3 en 44,2%.<\/p>\n<p>En tanto,\u00a0 la tasa de desocupaci\u00f3n -personas que no tienen ocupaci\u00f3n, est\u00e1n disponibles para trabajar y buscan empleo activamente, como proporci\u00f3n de la PEA- se ubic\u00f3 en 7,1%.<\/p>\n<p>Por su parte, la tasa de subocupaci\u00f3n result\u00f3 de 11% de la PEA, mientras que los otros ocupados demandantes y los otros ocupados no demandantes disponibles alcanzaron, en conjunto, 11,2% de la PEA.<\/p>\n<p>En tanto, la presi\u00f3n sobre el mercado laboral, conformada por el universo de desocupados, subocupados, ocupados demandantes y ocupados no demandantes disponibles, alcanz\u00f3 29,3% de la PEA, indic\u00f3 el informe oficial.<\/p>\n<p>Dentro de la poblaci\u00f3n activa (47,6%), la tasa de actividad fue de 70,3% para los varones y 51,1% para las mujeres.<br \/>\nA nivel geogr\u00e1fico, las regiones que presentaron mayores tasas de actividad fueron Gran Buenos Aires (48,6%), Pampeana (48,3%) y Cuyo (46,7%); y la que present\u00f3 la menor tasa de actividad fue Noreste (43,9%).<\/p>\n<p>A su vez, seg\u00fan el tama\u00f1o de los aglomerados, en los de 500.000 y m\u00e1s habitantes, la tasa de actividad (48,3%) fue superior que en los de menos de 500.000 habitantes (44,4%).<\/p>\n<h3 style=\"text-align: center;\"><span style=\"color: #0000ff;\"><strong><em>La tasa de subocupaci\u00f3n se ubic\u00f3 en el 11,2%<\/em><\/strong><\/span><\/h3>\n<p>Dentro de la poblaci\u00f3n ocupada (44,2%), 72,5% de la poblaci\u00f3n ocupada es asalariada, y el 37,4% de esta no cuenta con descuento jubilatorio.<\/p>\n<p>Por otra parte, 23,5% trabaja por cuenta propia, el 3,5% pertenece al sector patronal y el 0,5% trabaja en el \u00e1mbito familiar sin remuneraci\u00f3n.<\/p>\n<p>Entre la poblaci\u00f3n asalariada ocupada, 5% utiliz\u00f3 sus propias maquinarias\/equipos para realizar su trabajo y el 8,3% trabaj\u00f3 desde la vivienda.<\/p>\n<p>Al analizar la poblaci\u00f3n ocupada por nivel educativo, m\u00e1s de la mitad de las personas ocupadas (60,2%) cuenta con hasta secundario completo, mientras que 39,9% posee estudio superior y universitario (completo o incompleto).<\/p>\n<p>Asimismo, en lo que respecta a la calificaci\u00f3n de la ocupaci\u00f3n principal, 53,3% corresponde a un empleo operativo; 17,8% a calificaci\u00f3n t\u00e9cnica, 18,7% a no calificado; y 9,2% a profesional.<\/p>\n<p>En lo referente a la tasa de desocupaci\u00f3n, para la poblaci\u00f3n de 14 a\u00f1os y m\u00e1s, fue de 7,8% para las mujeres, y de 6,5% en los varones.<\/p>\n<p>Por regiones, las que mostraron la mayor tasa de desocupaci\u00f3n fueron Gran Buenos Aires y la regi\u00f3n Pampeana, con 8,2% y 6,8%, respectivamente.<\/p>\n<p>Por el contrario, la regi\u00f3n con menor tasa de desocupaci\u00f3n fue la que aglutina a los grandes centros urbanos del Noreste argentino (3,8%).<\/p>\n<p>En cuanto al tama\u00f1o de los aglomerados, la tasa de desocupaci\u00f3n fue inferior en los aglomerados de menor poblaci\u00f3n: en los aglomerados con menos de 500 mil habitantes, result\u00f3 de 4,7% de la PEA, mientras que se posicion\u00f3 en 7,6% en aquellos con 500 mil y m\u00e1s habitantes.<\/p>\n<p>En referencia al nivel educativo de las personas desocupadas, 72,6% cuentan con hasta secundario completo, y 27,4% presentan nivel superior y universitario, completo o incompleto.<\/p>\n<p>En cuanto al tiempo de b\u00fasqueda, 61,1% lleva buscando empleo entre uno y 12 meses, mientras que 38,3% lleva m\u00e1s de un a\u00f1o<strong>(VW)<\/strong>.<\/p>\n","protected":false},"excerpt":{"rendered":"<p>La tasa de desocupaci\u00f3n -personas que no tienen ocupaci\u00f3n, est\u00e1n disponibles para trabajar y buscan empleo activamente, como proporci\u00f3n de la PEA- se ubic\u00f3 en 7,1%.<\/p>\n","protected":false},"author":3,"featured_media":4209,"comment_status":"closed","ping_status":"closed","sticky":false,"template":"","format":"standard","meta":{"_monsterinsights_skip_tracking":false,"_monsterinsights_sitenote_active":false,"_monsterinsights_sitenote_note":"","_monsterinsights_sitenote_category":0,"footnotes":""},"categories":[8,5],"tags":[770,598,75,3664],"class_list":["post-8778","post","type-post","status-publish","format-standard","has-post-thumbnail","hentry","category-interes-general","category-sociedad","tag-baja","tag-desempleo","tag-indec","tag-subocupados"],"_links":{"self":[{"href":"https:\/\/www.visionweb.com.ar\/index.php?rest_route=\/wp\/v2\/posts\/8778","targetHints":{"allow":["GET"]}}],"collection":[{"href":"https:\/\/www.visionweb.com.ar\/index.php?rest_route=\/wp\/v2\/posts"}],"about":[{"href":"https:\/\/www.visionweb.com.ar\/index.php?rest_route=\/wp\/v2\/types\/post"}],"author":[{"embeddable":true,"href":"https:\/\/www.visionweb.com.ar\/index.php?rest_route=\/wp\/v2\/users\/3"}],"replies":[{"embeddable":true,"href":"https:\/\/www.visionweb.com.ar\/index.php?rest_route=%2Fwp%2Fv2%2Fcomments&post=8778"}],"version-history":[{"count":2,"href":"https:\/\/www.visionweb.com.ar\/index.php?rest_route=\/wp\/v2\/posts\/8778\/revisions"}],"predecessor-version":[{"id":8793,"href":"https:\/\/www.visionweb.com.ar\/index.php?rest_route=\/wp\/v2\/posts\/8778\/revisions\/8793"}],"wp:featuredmedia":[{"embeddable":true,"href":"https:\/\/www.visionweb.com.ar\/index.php?rest_route=\/wp\/v2\/media\/4209"}],"wp:attachment":[{"href":"https:\/\/www.visionweb.com.ar\/index.php?rest_route=%2Fwp%2Fv2%2Fmedia&parent=8778"}],"wp:term":[{"taxonomy":"category","embeddable":true,"href":"https:\/\/www.visionweb.com.ar\/index.php?rest_route=%2Fwp%2Fv2%2Fcategories&post=8778"},{"taxonomy":"post_tag","embeddable":true,"href":"https:\/\/www.visionweb.com.ar\/index.php?rest_route=%2Fwp%2Fv2%2Ftags&post=8778"}],"curies":[{"name":"wp","href":"https:\/\/api.w.org\/{rel}","templated":true}]}}