{"id":8773,"date":"2022-12-22T14:55:05","date_gmt":"2022-12-22T17:55:05","guid":{"rendered":"https:\/\/www.visionweb.com.ar\/?p=8773"},"modified":"2022-12-22T14:55:34","modified_gmt":"2022-12-22T17:55:34","slug":"se-entregaron-mas-de-60-medallas-a-veteranos-y-familiares-de-los-heroes-caidos","status":"publish","type":"post","link":"https:\/\/www.visionweb.com.ar\/?p=8773","title":{"rendered":"Se entregaron m\u00e1s de 60 medallas a veteranos y familiares de los h\u00e9roes ca\u00eddos"},"content":{"rendered":"<p><strong><em>La ceremonia se realiz\u00f3 en la sede de la Sociedad Cultural Nicol\u00e1s Ostroski, e el marco de los 40 a\u00f1os del episodio b\u00e9lico de Malvinas.<\/em><\/strong><!--more--><\/p>\n<p><strong>\u00a0 \u00a0 \u00a0 <img loading=\"lazy\" decoding=\"async\" class=\"size-medium wp-image-8774 alignright\" src=\"https:\/\/www.visionweb.com.ar\/wp-content\/uploads\/2022\/12\/MALVINAS-MEDALLAS-300x214.png\" alt=\"\" width=\"300\" height=\"214\" srcset=\"https:\/\/www.visionweb.com.ar\/wp-content\/uploads\/2022\/12\/MALVINAS-MEDALLAS-300x214.png 300w, https:\/\/www.visionweb.com.ar\/wp-content\/uploads\/2022\/12\/MALVINAS-MEDALLAS.png 640w\" sizes=\"auto, (max-width: 300px) 100vw, 300px\" \/>E<\/strong>n un acto llevado a cabo en la Sociedad Cultural Nicol\u00e1s A. Ostrovsky, ubicada en la calle Lituania 3948, Villa Caraza, el Intendente de Lan\u00fas, N\u00e9stor Grindetti junto al jefe de Gabinete, Diego Kravetz, encabezaron la entrega de m\u00e1s de 60 medallas a Veteranos de Malvinas y a los familiares de los h\u00e9roes ca\u00eddos en la guerra y postguerra.<\/p>\n<p>\u00bb Yo me siento parte de la causa malvinas y de toda esta familia malvinera, siento admiraci\u00f3n y cari\u00f1o profundo por ustedes porque dieron su vida por nuestra patria, por eso cada vez que tenemos la oportunidad de recordar la gesta de malvinas y homenajearlos as\u00ed lo hacemos, con mucho orgullo\u00bb, expres\u00f3 Grindetti.<\/p>\n<p>En el acto, participaron el secretario de Educaci\u00f3n, Empleo y Deportes, Dami\u00e1n Sala, el presidente del Consejo Escolar, Gustavo Lavezzi junto a consejeros escolares<strong>(VW)<\/strong>.<\/p>\n","protected":false},"excerpt":{"rendered":"<p>La ceremonia se realiz\u00f3 en la sede de la Sociedad Cultural Nicol\u00e1s Ostroski, e el marco de los 40 a\u00f1os del episodio b\u00e9lico de Malvinas.<\/p>\n","protected":false},"author":3,"featured_media":8774,"comment_status":"closed","ping_status":"closed","sticky":false,"template":"","format":"standard","meta":{"_monsterinsights_skip_tracking":false,"_monsterinsights_sitenote_active":false,"_monsterinsights_sitenote_note":"","_monsterinsights_sitenote_category":0,"footnotes":""},"categories":[5],"tags":[3663,18,2015,1327],"class_list":["post-8773","post","type-post","status-publish","format-standard","has-post-thumbnail","hentry","category-sociedad","tag-conmemoracion","tag-grindetti","tag-malvinas","tag-medallas"],"_links":{"self":[{"href":"https:\/\/www.visionweb.com.ar\/index.php?rest_route=\/wp\/v2\/posts\/8773","targetHints":{"allow":["GET"]}}],"collection":[{"href":"https:\/\/www.visionweb.com.ar\/index.php?rest_route=\/wp\/v2\/posts"}],"about":[{"href":"https:\/\/www.visionweb.com.ar\/index.php?rest_route=\/wp\/v2\/types\/post"}],"author":[{"embeddable":true,"href":"https:\/\/www.visionweb.com.ar\/index.php?rest_route=\/wp\/v2\/users\/3"}],"replies":[{"embeddable":true,"href":"https:\/\/www.visionweb.com.ar\/index.php?rest_route=%2Fwp%2Fv2%2Fcomments&post=8773"}],"version-history":[{"count":2,"href":"https:\/\/www.visionweb.com.ar\/index.php?rest_route=\/wp\/v2\/posts\/8773\/revisions"}],"predecessor-version":[{"id":8777,"href":"https:\/\/www.visionweb.com.ar\/index.php?rest_route=\/wp\/v2\/posts\/8773\/revisions\/8777"}],"wp:featuredmedia":[{"embeddable":true,"href":"https:\/\/www.visionweb.com.ar\/index.php?rest_route=\/wp\/v2\/media\/8774"}],"wp:attachment":[{"href":"https:\/\/www.visionweb.com.ar\/index.php?rest_route=%2Fwp%2Fv2%2Fmedia&parent=8773"}],"wp:term":[{"taxonomy":"category","embeddable":true,"href":"https:\/\/www.visionweb.com.ar\/index.php?rest_route=%2Fwp%2Fv2%2Fcategories&post=8773"},{"taxonomy":"post_tag","embeddable":true,"href":"https:\/\/www.visionweb.com.ar\/index.php?rest_route=%2Fwp%2Fv2%2Ftags&post=8773"}],"curies":[{"name":"wp","href":"https:\/\/api.w.org\/{rel}","templated":true}]}}