{"id":8771,"date":"2022-12-22T07:58:41","date_gmt":"2022-12-22T10:58:41","guid":{"rendered":"https:\/\/www.visionweb.com.ar\/?p=8771"},"modified":"2022-12-22T07:58:41","modified_gmt":"2022-12-22T10:58:41","slug":"asueto-administrativo-cuales-seran-los-alcances-para-los-servicios","status":"publish","type":"post","link":"https:\/\/www.visionweb.com.ar\/?p=8771","title":{"rendered":"Asueto administrativo: Cu\u00e1les ser\u00e1n los alcances para los servicios"},"content":{"rendered":"<p><strong><em>El asueto administrativo del 23 y el 30 de diciembre, no afectar\u00e1 a la actividad privada. Pero la media no tendr\u00e1 alcance para la AFIP y la ANSES.<\/em><\/strong><!--more--><\/p>\n<p><strong>\u00a0 \u00a0 \u00a0 \u00a0 <img loading=\"lazy\" decoding=\"async\" class=\"size-medium wp-image-1872 alignleft\" src=\"https:\/\/www.visionweb.com.ar\/wp-content\/uploads\/2021\/06\/AFIP-300x196.png\" alt=\"\" width=\"300\" height=\"196\" srcset=\"https:\/\/www.visionweb.com.ar\/wp-content\/uploads\/2021\/06\/AFIP-300x196.png 300w, https:\/\/www.visionweb.com.ar\/wp-content\/uploads\/2021\/06\/AFIP.png 640w\" sizes=\"auto, (max-width: 300px) 100vw, 300px\" \/>\u00a0P<\/strong>ese a que la mayor\u00eda de los argentinos permanecen bajo el influjo de triunfo de la Selecci\u00f3n Nacional de f\u00fatbol que se trajo la copa del mundo desde Qatar, por estas latitudes, ya nos encontramos a las puertas de Navidad y A\u00f1o nuevo.<\/p>\n<p>Para continuar con el festival de feriados, el Gobierno ya dispuso asueto administrativo para el 23 y el 30 de diciembre.<\/p>\n<p>De acuerdo al Decreto publicado en el Bolet\u00edn Oficial de la Naci\u00f3n (BON), la medida busca facilitar el encuentro con las familias.<\/p>\n<p>Pero la situaci\u00f3n gener\u00f3 una serie de confusiones respecto de cuales ser\u00e1n los servicios afectados por le decisi\u00f3n oficial por el asueto.<\/p>\n<p>De acuerdo a lo publicado por el BON,\u00a0 Los trabajadores de la administraci\u00f3n p\u00fablica nacional quedan liberados de cumplir tareas. Esto comprende la tarea de ministerios, secretar\u00edas y organismos descentralizados.<\/p>\n<p>Por otro lado, un dato clave para jubilados y pensionados es que las oficinas de la ANSES se sumar\u00e1n al asueto administrativo. Pero el\u00a0asueto no afectar\u00e1 la <strong>actividad del sector privado.<\/strong><\/p>\n<p>Adem\u00e1s, el 23 y el 30 de este mes, <strong>el transporte p\u00fablico funcionar\u00e1 de manera habitual, lo mismo que los bancos de todo el pa\u00eds<\/strong>.<\/p>\n<p>Asimismo, tambi\u00e9n lo har\u00e1n las oficinas de AFIP atender\u00e1n con su cronograma normal debido a que se acerca el cierre del a\u00f1o fiscal<strong>(VW)<\/strong>.<\/p>\n<p>&nbsp;<\/p>\n<p>&nbsp;<\/p>\n<p>&nbsp;<\/p>\n","protected":false},"excerpt":{"rendered":"<p>El asueto administrativo del 23 y el 30 de diciembre, no afectar\u00e1 a la actividad privada. Pero la media no tendr\u00e1 alcance para la AFIP y la ANSES.<\/p>\n","protected":false},"author":3,"featured_media":1872,"comment_status":"closed","ping_status":"closed","sticky":false,"template":"","format":"standard","meta":{"_monsterinsights_skip_tracking":false,"_monsterinsights_sitenote_active":false,"_monsterinsights_sitenote_note":"","_monsterinsights_sitenote_category":0,"footnotes":""},"categories":[8],"tags":[881,300,1190,24],"class_list":["post-8771","post","type-post","status-publish","format-standard","has-post-thumbnail","hentry","category-interes-general","tag-afip","tag-anses","tag-asueto","tag-bancos"],"_links":{"self":[{"href":"https:\/\/www.visionweb.com.ar\/index.php?rest_route=\/wp\/v2\/posts\/8771","targetHints":{"allow":["GET"]}}],"collection":[{"href":"https:\/\/www.visionweb.com.ar\/index.php?rest_route=\/wp\/v2\/posts"}],"about":[{"href":"https:\/\/www.visionweb.com.ar\/index.php?rest_route=\/wp\/v2\/types\/post"}],"author":[{"embeddable":true,"href":"https:\/\/www.visionweb.com.ar\/index.php?rest_route=\/wp\/v2\/users\/3"}],"replies":[{"embeddable":true,"href":"https:\/\/www.visionweb.com.ar\/index.php?rest_route=%2Fwp%2Fv2%2Fcomments&post=8771"}],"version-history":[{"count":1,"href":"https:\/\/www.visionweb.com.ar\/index.php?rest_route=\/wp\/v2\/posts\/8771\/revisions"}],"predecessor-version":[{"id":8772,"href":"https:\/\/www.visionweb.com.ar\/index.php?rest_route=\/wp\/v2\/posts\/8771\/revisions\/8772"}],"wp:featuredmedia":[{"embeddable":true,"href":"https:\/\/www.visionweb.com.ar\/index.php?rest_route=\/wp\/v2\/media\/1872"}],"wp:attachment":[{"href":"https:\/\/www.visionweb.com.ar\/index.php?rest_route=%2Fwp%2Fv2%2Fmedia&parent=8771"}],"wp:term":[{"taxonomy":"category","embeddable":true,"href":"https:\/\/www.visionweb.com.ar\/index.php?rest_route=%2Fwp%2Fv2%2Fcategories&post=8771"},{"taxonomy":"post_tag","embeddable":true,"href":"https:\/\/www.visionweb.com.ar\/index.php?rest_route=%2Fwp%2Fv2%2Ftags&post=8771"}],"curies":[{"name":"wp","href":"https:\/\/api.w.org\/{rel}","templated":true}]}}