{"id":8763,"date":"2022-12-21T18:15:21","date_gmt":"2022-12-21T21:15:21","guid":{"rendered":"https:\/\/www.visionweb.com.ar\/?p=8763"},"modified":"2022-12-21T18:15:21","modified_gmt":"2022-12-21T21:15:21","slug":"coparticipacion-la-corte-fallo-a-favor-de-la-ciudad-de-buenos-aires","status":"publish","type":"post","link":"https:\/\/www.visionweb.com.ar\/?p=8763","title":{"rendered":"Coparticipaci\u00f3n: La Corte fall\u00f3 a favor de la Ciudad de Buenos Aires"},"content":{"rendered":"<p><em><strong>El Gobierno Nacional deber\u00e1 pagar a la Ciudad de Buenos Aires el 2.95 por ciento de los fondos de coparticipaci\u00f3n.<\/strong><\/em><!--more--><\/p>\n<p><strong> <img loading=\"lazy\" decoding=\"async\" class=\"size-medium wp-image-8765 alignright\" src=\"https:\/\/www.visionweb.com.ar\/wp-content\/uploads\/2022\/12\/larreta-300x168.jpg\" alt=\"\" width=\"300\" height=\"168\" srcset=\"https:\/\/www.visionweb.com.ar\/wp-content\/uploads\/2022\/12\/larreta-300x168.jpg 300w, https:\/\/www.visionweb.com.ar\/wp-content\/uploads\/2022\/12\/larreta.bmp 734w\" sizes=\"auto, (max-width: 300px) 100vw, 300px\" \/>L<\/strong>a Corte Suprema de Justicia fall\u00f3 este mi\u00e9rcoles por unanimidad a favor de la Ciudad de Buenos Aires <strong>en el reclamo por el\u00a0<\/strong><strong>recorte de la coparticipaci\u00f3n<\/strong><strong>\u00a0<\/strong>decidido por el Gobierno Nacional.<\/p>\n<p><strong>De esta manera el fallo dispuso que el Gobierno Nacional le pague a la Ciudad de Buenos Aires el 2.95 por ciento de la masa de impuestos coparticipables<\/strong>.<\/p>\n<p>La\u00a0<strong>resoluci\u00f3n, de alto impacto pol\u00edtico<\/strong>\u00a0 le devuelve a la Ciudad de manera inmediata el dinero que hab\u00eda perdido.<\/p>\n<p>As\u00ed, el m\u00e1ximo Tribunal dict\u00f3 una medida cautelar para que se le devuelva a la Ciudad un<strong>\u00a0<\/strong><strong>2,95%<\/strong>\u00a0de la coparticipaci\u00f3n que es un monto menor al que reclamaba la administraci\u00f3n del PRO, que ped\u00eda\u00a0<strong>3.5%<\/strong>.<\/p>\n<p>La resoluci\u00f3n, un\u00e1nime, llev\u00f3 la firma de Horacio Rosatti, Carlos Rosenkrantz, Juan Carlos Maqueda y Ricardo Lorenzetti. Los cuatro jueces sostienen en el fallo:\u00a0\u00abOrdenar que durante la tramitaci\u00f3n del proceso el Estado Nacional entregue a la Ciudad Aut\u00f3noma de Buenos Aires el 2,95% de la masa de fondos definida en el art\u00edculo 2\u00b0 de la ley 23.548\u00bb de Coparticipaci\u00f3n Federal.<\/p>\n<p>La resoluci\u00f3n dispone que el\u00a0<strong>env\u00edo de dinero empiece abonarse desde ahora y en forma \u00abdiaria y autom\u00e1tica<\/strong>\u00a0por el Banco de la Naci\u00f3n Argentina\u00bb.<\/p>\n<p>Sin embargo, la Corte <strong>no defini\u00f3<\/strong> sobre la cuesti\u00f3n de fondo que refiere sobre todo a <strong>los montos que dej\u00f3 de percibir la Ciudad desde que se dispuso el recorte en 2020<\/strong>.<\/p>\n<p>En ese contexto, el efe de Gobierno porte\u00f1o, Horacio Rodr\u00edguez Larreta, indic\u00f3 que: \u00abEl fallo de la Corte Suprema de Justicia <strong>es una gran noticia para todos los argentinos<\/strong>. Es una victoria de la Constituci\u00f3n y el federalismo por sobre los atropellos, el abuso de poder y la grieta. Tengo esperanzas, otra Argentina es posible\u00bb.<\/p>\n<p>Antecedentes: El expresidente Mauricio Macri, a poco de iniciar su gesti\u00f3n de gobierno, subi\u00f3 la cuota porte\u00f1a del 1.40 por ciento al 3.75, por el costo que implicaba el sost\u00e9n de la Polic\u00eda Federal. Pero luego, <strong>en septiembre de 2020, en la gesti\u00f3n del Frente de Todos, fue llevada al 2.32 por ciento.<\/strong><\/p>\n<p>En esa l\u00ednea, el jefe del gobierno porte\u00f1o, Horacio Rodr\u00edguez Larreta, recurri\u00f3 a la Corte por ser el m\u00e1ximo tribunal que interviene en los juicios entre la Naci\u00f3n y las provincias.\u00a0 As\u00ed se inici\u00f3 un proceso en el que la Corte convoc\u00f3 a las partes para que resolvieran sus diferencias y pusieran el porcentaje voluntariamente, pero sin \u00e9xito. <strong>(VW)<\/strong><\/p>\n<p>&nbsp;<\/p>\n","protected":false},"excerpt":{"rendered":"<p>El Gobierno Nacional deber\u00e1 pagar a la Ciudad de Buenos Aires el 2.95 por ciento de los fondos de coparticipaci\u00f3n.<\/p>\n","protected":false},"author":4,"featured_media":8765,"comment_status":"closed","ping_status":"closed","sticky":false,"template":"","format":"standard","meta":{"_monsterinsights_skip_tracking":false,"_monsterinsights_sitenote_active":false,"_monsterinsights_sitenote_note":"","_monsterinsights_sitenote_category":0,"footnotes":""},"categories":[3,4],"tags":[185,697,3658,3659,184],"class_list":["post-8763","post","type-post","status-publish","format-standard","has-post-thumbnail","hentry","category-actualidad","category-politica","tag-coparticipacion","tag-corte-suprema","tag-fallo-a-favor-de-caba","tag-jueces","tag-larreta"],"_links":{"self":[{"href":"https:\/\/www.visionweb.com.ar\/index.php?rest_route=\/wp\/v2\/posts\/8763","targetHints":{"allow":["GET"]}}],"collection":[{"href":"https:\/\/www.visionweb.com.ar\/index.php?rest_route=\/wp\/v2\/posts"}],"about":[{"href":"https:\/\/www.visionweb.com.ar\/index.php?rest_route=\/wp\/v2\/types\/post"}],"author":[{"embeddable":true,"href":"https:\/\/www.visionweb.com.ar\/index.php?rest_route=\/wp\/v2\/users\/4"}],"replies":[{"embeddable":true,"href":"https:\/\/www.visionweb.com.ar\/index.php?rest_route=%2Fwp%2Fv2%2Fcomments&post=8763"}],"version-history":[{"count":2,"href":"https:\/\/www.visionweb.com.ar\/index.php?rest_route=\/wp\/v2\/posts\/8763\/revisions"}],"predecessor-version":[{"id":8766,"href":"https:\/\/www.visionweb.com.ar\/index.php?rest_route=\/wp\/v2\/posts\/8763\/revisions\/8766"}],"wp:featuredmedia":[{"embeddable":true,"href":"https:\/\/www.visionweb.com.ar\/index.php?rest_route=\/wp\/v2\/media\/8765"}],"wp:attachment":[{"href":"https:\/\/www.visionweb.com.ar\/index.php?rest_route=%2Fwp%2Fv2%2Fmedia&parent=8763"}],"wp:term":[{"taxonomy":"category","embeddable":true,"href":"https:\/\/www.visionweb.com.ar\/index.php?rest_route=%2Fwp%2Fv2%2Fcategories&post=8763"},{"taxonomy":"post_tag","embeddable":true,"href":"https:\/\/www.visionweb.com.ar\/index.php?rest_route=%2Fwp%2Fv2%2Ftags&post=8763"}],"curies":[{"name":"wp","href":"https:\/\/api.w.org\/{rel}","templated":true}]}}