{"id":8758,"date":"2022-12-21T17:39:31","date_gmt":"2022-12-21T20:39:31","guid":{"rendered":"https:\/\/www.visionweb.com.ar\/?p=8758"},"modified":"2022-12-21T17:44:47","modified_gmt":"2022-12-21T20:44:47","slug":"anuncian-aumento-para-los-jubilados-bonaerenses","status":"publish","type":"post","link":"https:\/\/www.visionweb.com.ar\/?p=8758","title":{"rendered":"Anuncian aumento para los jubilados bonaerenses"},"content":{"rendered":"<p><strong><em>Este fin de a\u00f1o, con los haberes de diciembre, los ingresos de m\u00e1s de 45 mil personas jubiladas y pensionadas de la provincia se ver\u00e1n favorecidos por la reciente medida dispuesta por el IPS.<\/em><\/strong><!--more--><\/p>\n<div id=\"attachment_8760\" style=\"width: 310px\" class=\"wp-caption alignright\"><img loading=\"lazy\" decoding=\"async\" aria-describedby=\"caption-attachment-8760\" class=\"wp-image-8760 size-medium\" src=\"https:\/\/www.visionweb.com.ar\/wp-content\/uploads\/2022\/12\/IPS-SEDE-300x188.png\" alt=\"\" width=\"300\" height=\"188\" srcset=\"https:\/\/www.visionweb.com.ar\/wp-content\/uploads\/2022\/12\/IPS-SEDE-300x188.png 300w, https:\/\/www.visionweb.com.ar\/wp-content\/uploads\/2022\/12\/IPS-SEDE-768x480.png 768w, https:\/\/www.visionweb.com.ar\/wp-content\/uploads\/2022\/12\/IPS-SEDE.png 800w\" sizes=\"auto, (max-width: 300px) 100vw, 300px\" \/><p id=\"caption-attachment-8760\" class=\"wp-caption-text\"><strong>Leve mejora para los jubilados bonaerenses que cobran la m\u00ednima. El aumento y el refuerzo se cobraran el 29 y el 30 de diciembre(Foto: IPS)<\/strong>.<\/p><\/div>\n<p><strong>\u00a0 \u00a0 \u00a0 E<\/strong>l gobierno bonaerense anuncio este mi\u00e9rcoles un aumento en las jubilaciones y las pensiones m\u00ednimas de 20 puntos porcentuales, para quienes cobran menos de $50.000, ajuste que se abonar\u00e1 con los haberes de diciembre.<\/p>\n<p>Este aumento tambi\u00e9n contempla a las pensiones no contributivas de ni\u00f1os, ni\u00f1as y juventudes menores de 21 a\u00f1os como las del r\u00e9gimen general, informaron desde el Instituto de Previsi\u00f3n Social (IPS).<\/p>\n<p>Adem\u00e1s, los beneficiarios y beneficiarias, que<strong> en la actualidad cobran menos de $50.000 como haber contributivo, <\/strong>percibir\u00e1n tambi\u00e9n un refuerzo extraordinario<strong>, por \u00fanica vez, de $10.000 con los haberes de diciembre; <\/strong>mientras que para <strong>las pensiones no contributivas ser\u00e1 de $8.000.<\/strong><\/p>\n<p>El organismo detall\u00f3 que \u201clos haberes m\u00ednimos representan el 2,68% del total de beneficiarias y beneficiarios del IPS, quienes con este incremento previsional habr\u00e1n obtenido una mejora del 156.41% desde diciembre de 2021\u201d, y se\u00f1al\u00f3 que actualmente el haber promedio del Instituto es de $ 172.262.<\/p>\n<p>El IPS indic\u00f3 que con los haberes de diciembre, los ingresos de m\u00e1s de 45 mil personas jubiladas y pensionadas de la provincia se ver\u00e1n favorecidos por la reciente medida dispuesta por el IPS y el Gobierno de la Provincia de Buenos Aires.<\/p>\n<p>El organismo inform\u00f3 tambi\u00e9n que en ning\u00fan caso ser\u00e1 necesario realizar tr\u00e1mites para percibir el incremento previsional o el refuerzo extraordinario\u201d. A trav\u00e9s de la web del Instituto se puede acceder al calendario de pagos.<strong>(VW)<\/strong><\/p>\n<p>&nbsp;<\/p>\n<p>&nbsp;<\/p>\n","protected":false},"excerpt":{"rendered":"<p>Este fin de a\u00f1o, con los haberes de diciembre, los ingresos de m\u00e1s de 45 mil personas jubiladas y pensionadas de la provincia se ver\u00e1n favorecidos por la reciente medida dispuesta por el IPS.<\/p>\n","protected":false},"author":3,"featured_media":8760,"comment_status":"closed","ping_status":"closed","sticky":false,"template":"","format":"standard","meta":{"_monsterinsights_skip_tracking":false,"_monsterinsights_sitenote_active":false,"_monsterinsights_sitenote_note":"","_monsterinsights_sitenote_category":0,"footnotes":""},"categories":[3,8],"tags":[58,2293,569,2242],"class_list":["post-8758","post","type-post","status-publish","format-standard","has-post-thumbnail","hentry","category-actualidad","category-interes-general","tag-aumento","tag-ips","tag-jubilados","tag-refuerzo"],"_links":{"self":[{"href":"https:\/\/www.visionweb.com.ar\/index.php?rest_route=\/wp\/v2\/posts\/8758","targetHints":{"allow":["GET"]}}],"collection":[{"href":"https:\/\/www.visionweb.com.ar\/index.php?rest_route=\/wp\/v2\/posts"}],"about":[{"href":"https:\/\/www.visionweb.com.ar\/index.php?rest_route=\/wp\/v2\/types\/post"}],"author":[{"embeddable":true,"href":"https:\/\/www.visionweb.com.ar\/index.php?rest_route=\/wp\/v2\/users\/3"}],"replies":[{"embeddable":true,"href":"https:\/\/www.visionweb.com.ar\/index.php?rest_route=%2Fwp%2Fv2%2Fcomments&post=8758"}],"version-history":[{"count":3,"href":"https:\/\/www.visionweb.com.ar\/index.php?rest_route=\/wp\/v2\/posts\/8758\/revisions"}],"predecessor-version":[{"id":8762,"href":"https:\/\/www.visionweb.com.ar\/index.php?rest_route=\/wp\/v2\/posts\/8758\/revisions\/8762"}],"wp:featuredmedia":[{"embeddable":true,"href":"https:\/\/www.visionweb.com.ar\/index.php?rest_route=\/wp\/v2\/media\/8760"}],"wp:attachment":[{"href":"https:\/\/www.visionweb.com.ar\/index.php?rest_route=%2Fwp%2Fv2%2Fmedia&parent=8758"}],"wp:term":[{"taxonomy":"category","embeddable":true,"href":"https:\/\/www.visionweb.com.ar\/index.php?rest_route=%2Fwp%2Fv2%2Fcategories&post=8758"},{"taxonomy":"post_tag","embeddable":true,"href":"https:\/\/www.visionweb.com.ar\/index.php?rest_route=%2Fwp%2Fv2%2Ftags&post=8758"}],"curies":[{"name":"wp","href":"https:\/\/api.w.org\/{rel}","templated":true}]}}