{"id":8747,"date":"2022-12-20T11:28:11","date_gmt":"2022-12-20T14:28:11","guid":{"rendered":"https:\/\/www.visionweb.com.ar\/?p=8747"},"modified":"2022-12-20T11:28:11","modified_gmt":"2022-12-20T14:28:11","slug":"virus-del-camello-las-recomendaciones-para-los-que-vuelven-de-qatar","status":"publish","type":"post","link":"https:\/\/www.visionweb.com.ar\/?p=8747","title":{"rendered":"Virus del camello: Las recomendaciones para los que vuelven de Qatar"},"content":{"rendered":"<p><em><strong>Temor por el MERS:<\/strong> <strong>Las autoridades sanitarias recomendaron a los viajeros prestar atenci\u00f3n y consultar para reducir riesgos.<\/strong><\/em><!--more--><\/p>\n<div id=\"attachment_8749\" style=\"width: 310px\" class=\"wp-caption alignleft\"><img loading=\"lazy\" decoding=\"async\" aria-describedby=\"caption-attachment-8749\" class=\"wp-image-8749 size-medium\" src=\"https:\/\/www.visionweb.com.ar\/wp-content\/uploads\/2022\/12\/camellos-300x166.jpg\" alt=\"\" width=\"300\" height=\"166\" srcset=\"https:\/\/www.visionweb.com.ar\/wp-content\/uploads\/2022\/12\/camellos-300x166.jpg 300w, https:\/\/www.visionweb.com.ar\/wp-content\/uploads\/2022\/12\/camellos.bmp 695w\" sizes=\"auto, (max-width: 300px) 100vw, 300px\" \/><p id=\"caption-attachment-8749\" class=\"wp-caption-text\">Recomendaciones por el MERS a los viajeros que regresan. (Foto: internet)<\/p><\/div>\n<p><strong>L<\/strong>as autoridades sanitarias de Naci\u00f3n emitieron anoche las primeras recomendaciones para evitar brotes locales de enfermedades altamente transmisibles, como el sarampi\u00f3n, la polio y el <strong>S\u00edndrome Respiratorio de Oriente Medio<\/strong> (<strong>MERS<\/strong>, por su nombre en ingl\u00e9s) conocido popularmente como <strong>\u201cvirus del camello\u201d<\/strong> y causado por un coronavirus distinto al de Covid-19.<\/p>\n<p>Las principales se\u00f1ales de alerta a tener en cuenta en las <strong>tres semanas posteriores al viaje<\/strong> son: <strong>fiebre, erupci\u00f3n en la piel, tos y dificultad para respirar<\/strong> (disnea).<\/p>\n<p>En esa l\u00ednea, el <strong>Ministerio de Salud de la Naci\u00f3n<\/strong>, indic\u00f3 a trav\u00e9s de un <strong>comunicado<\/strong>: \u201cAnte la presencia de s\u00edntomas es importante hacer la consulta temprana para que el personal de salud eval\u00fae el cuadro cl\u00ednico y el riesgo epidemiol\u00f3gico de enfermedades, como el sarampi\u00f3n, la polio y el MERS, para el diagn\u00f3stico, el tratamiento y el control epidemiol\u00f3gico correspondiente para minimizar el riesgo de reintroducci\u00f3n de esas enfermedades en el pa\u00eds\u201d.<\/p>\n<p>En los pr\u00f3ximos d\u00edas, se espera la llegada de los argentinos que viajaron a Qatar en vuelos con m\u00e1s de una escala en distintos pa\u00edses. Estas recomendaciones, que incluyen s\u00edntomas similares a los de Covid-19 y otros virus respiratorios que est\u00e1n circulando, son preventivas para reducir riesgos.<\/p>\n<p>Estos conceptos de prevenci\u00f3n se dan en medio de un aumento por s\u00e9ptima semana consecutiva de los contagios del coronavirus pand\u00e9mico, con m\u00e1s de 62.000 nuevos contagios detectados en las provincias y notificados durante la semana pasada.<\/p>\n<p>Especialistas ya hab\u00edan advertido que podr\u00edan ser m\u00e1s, dado el subdiagn\u00f3stico en pacientes ambulatorios por una disminuci\u00f3n de los testeos.<\/p>\n<p>En el caso de tener alguno de los s\u00edntomas incluidos en las recomendaciones o sus combinaciones (fiebre y erupci\u00f3n en la piel o fiebre, tos y dificultad para respirar), las autoridades sanitarias insisten en <strong>la importancia de usar barbijo<\/strong>, consultar de inmediato en un centro de salud y mencionar que se estuvo de viaje, cumplir con las indicaciones m\u00e9dicas y <strong>no ir a trabajar, participar de reuniones ni concurrir a lugares p\u00fablicos<\/strong>, seg\u00fan defina el equipo de salud. <strong>(VW)<\/strong><\/p>\n<p>&nbsp;<\/p>\n<p>&nbsp;<\/p>\n<p>&nbsp;<\/p>\n","protected":false},"excerpt":{"rendered":"<p>Temor por el MERS: Las autoridades sanitarias recomendaron a los viajeros prestar atenci\u00f3n y consultar para reducir riesgos.<\/p>\n","protected":false},"author":4,"featured_media":8749,"comment_status":"closed","ping_status":"closed","sticky":false,"template":"","format":"standard","meta":{"_monsterinsights_skip_tracking":false,"_monsterinsights_sitenote_active":false,"_monsterinsights_sitenote_note":"","_monsterinsights_sitenote_category":0,"footnotes":""},"categories":[8],"tags":[3655,1899,1640,3654],"class_list":["post-8747","post","type-post","status-publish","format-standard","has-post-thumbnail","hentry","category-interes-general","tag-mers","tag-ministerio-de-salud","tag-recomendaciones","tag-virus-del-camello"],"_links":{"self":[{"href":"https:\/\/www.visionweb.com.ar\/index.php?rest_route=\/wp\/v2\/posts\/8747","targetHints":{"allow":["GET"]}}],"collection":[{"href":"https:\/\/www.visionweb.com.ar\/index.php?rest_route=\/wp\/v2\/posts"}],"about":[{"href":"https:\/\/www.visionweb.com.ar\/index.php?rest_route=\/wp\/v2\/types\/post"}],"author":[{"embeddable":true,"href":"https:\/\/www.visionweb.com.ar\/index.php?rest_route=\/wp\/v2\/users\/4"}],"replies":[{"embeddable":true,"href":"https:\/\/www.visionweb.com.ar\/index.php?rest_route=%2Fwp%2Fv2%2Fcomments&post=8747"}],"version-history":[{"count":2,"href":"https:\/\/www.visionweb.com.ar\/index.php?rest_route=\/wp\/v2\/posts\/8747\/revisions"}],"predecessor-version":[{"id":8750,"href":"https:\/\/www.visionweb.com.ar\/index.php?rest_route=\/wp\/v2\/posts\/8747\/revisions\/8750"}],"wp:featuredmedia":[{"embeddable":true,"href":"https:\/\/www.visionweb.com.ar\/index.php?rest_route=\/wp\/v2\/media\/8749"}],"wp:attachment":[{"href":"https:\/\/www.visionweb.com.ar\/index.php?rest_route=%2Fwp%2Fv2%2Fmedia&parent=8747"}],"wp:term":[{"taxonomy":"category","embeddable":true,"href":"https:\/\/www.visionweb.com.ar\/index.php?rest_route=%2Fwp%2Fv2%2Fcategories&post=8747"},{"taxonomy":"post_tag","embeddable":true,"href":"https:\/\/www.visionweb.com.ar\/index.php?rest_route=%2Fwp%2Fv2%2Ftags&post=8747"}],"curies":[{"name":"wp","href":"https:\/\/api.w.org\/{rel}","templated":true}]}}