{"id":8716,"date":"2022-12-19T16:19:02","date_gmt":"2022-12-19T19:19:02","guid":{"rendered":"https:\/\/www.visionweb.com.ar\/?p=8716"},"modified":"2022-12-19T16:19:31","modified_gmt":"2022-12-19T19:19:31","slug":"ahora-12-el-programa-se-extiende-por-12-seis-meses-mas","status":"publish","type":"post","link":"https:\/\/www.visionweb.com.ar\/?p=8716","title":{"rendered":"Ahora 12: El programa se extiende por seis meses m\u00e1s"},"content":{"rendered":"<p><em><strong>As\u00ed lo dispuso la Secretar\u00eda de Comercio. La Resoluci\u00f3n 144\/22 se public\u00f3 hoy en el Bolet\u00edn Oficial.<\/strong><\/em><!--more--><\/p>\n<p><strong>\u00a0 \u00a0 \u00a0 <img loading=\"lazy\" decoding=\"async\" class=\"size-full wp-image-5368 alignright\" src=\"https:\/\/www.visionweb.com.ar\/wp-content\/uploads\/2022\/04\/ahora-12.bmp\" alt=\"\" width=\"511\" height=\"299\" \/>\u00a0E<\/strong>l Programa Ahora 12 para compra en cuotas con tarjetas de cr\u00e9dito con la novedad de que se suman al programa celulares de producci\u00f3n nacional, con un financiamiento de 3, 6 y hasta 12 cuotas, se extedner\u00e1 hasta el 30 de junio de 2023, inform\u00f3 el Ministerio de Econom\u00eda.<\/p>\n<p>La medida se efectiviz\u00f3 este lunes con la publicaci\u00f3n de la Resoluci\u00f3n 144\/22, de la Secretar\u00eda de Comercio, que funciona en la \u00f3rbita del Ministerio de Econom\u00eda.<\/p>\n<p>La decisi\u00f3n de la extensi\u00f3n del programa se tom\u00f3 ante la inminencia del vencimiento del plazo establecido en la resoluci\u00f3n 499\/2022, fijado para el 31 de enero de 2023.<\/p>\n<p>La incorporaci\u00f3n de los celulares 4G ser\u00e1 para transacciones en 3, 6 y 12 cuotas, si bien el programa contempla planes de 18 y 24 cuotas para otros productos.<\/p>\n<p>En cuanto a los intereses aplicables a proveedores y comercios, para las ventas realizadas en tres cuotas, cobrar\u00e1n en un plazo de hasta 10 d\u00edas con una tasa m\u00e1xima de descuento de 7,58% (antes del 7,06%) y para las operaciones en 6 pagos con una de 14,22% (antes 13,3%).<\/p>\n<h3 style=\"text-align: center;\"><span style=\"color: #0000ff;\"><strong><em>El programa se extender\u00e1 hasta el 30 de\u00a0 junio<\/em><\/strong><\/span><\/h3>\n<p>Para las transacciones en 12 cuotas podr\u00e1n cobrar una tasa m\u00e1xima de descuento de 19,95% a 60 d\u00edas corridos y de 25,67% a 10 d\u00edas h\u00e1biles, en vez de las tasas vigentes de 18,74% y 24,16%, respectivamente.<\/p>\n<p>En el caso de las ventas en 18 cuotas, podr\u00e1n cobrar en un plazo de 60 d\u00edas corridos con una tasa m\u00e1xima de descuento de 30% (antes 28,35%) o en un plazo de hasta 10 d\u00edas h\u00e1biles con una tasa de 35,09% (antes 33,2%).<\/p>\n<p>Para las operaciones en 24 cuotas, los comerciantes y proveedores podr\u00e1n optar entre cobrar en 60 d\u00edas corridos con una tasa m\u00e1xima de descuento de 38,35% (antes 36,43%) o en un plazo de hasta 10 d\u00edas h\u00e1biles con una tasa de 42,87% (antes 40,78%).<\/p>\n<p>En los considerandos de la medida, se record\u00f3 que en julio de este a\u00f1o se modific\u00f3 la lista de bienes y servicios que se comercializan en el marco del programa para \u201ccontinuar con la promoci\u00f3n, el crecimiento econ\u00f3mico y el desarrollo, incentivando la inversi\u00f3n productiva y la demanda\u201d.<\/p>\n<p>Mediante la Resoluci\u00f3n 57\/2022 se implement\u00f3 el \u201cReglamento Complementario Plan 30 cuotas\u201d para promover el financiamiento en ese plazo para televisores de tecnolog\u00eda 4k de tama\u00f1o igual o superior a las 50 pulgadas, aires acondicionados con tecnolog\u00eda \u201cInverter\u201d, lavarropas, heladeras y tel\u00e9fonos celulares de tecnolog\u00eda 4G.<\/p>\n<p>Asimismo, se sostuvo que \u201cla tasa de financiaci\u00f3n prevista significa un est\u00edmulo para el impulso de las ventas de productos fabricados localmente y, por tanto, resulta conveniente tanto para los proveedores y comercios, as\u00ed como para las y los consumidores\u201d<strong>(VW)<\/strong><\/p>\n<p>&nbsp;<\/p>\n","protected":false},"excerpt":{"rendered":"<p>As\u00ed lo dispuso la Secretar\u00eda de Comercio. La Resoluci\u00f3n 144\/22 se public\u00f3 hoy en el Bolet\u00edn Oficial.<\/p>\n","protected":false},"author":3,"featured_media":5368,"comment_status":"closed","ping_status":"closed","sticky":false,"template":"","format":"standard","meta":{"_monsterinsights_skip_tracking":false,"_monsterinsights_sitenote_active":false,"_monsterinsights_sitenote_note":"","_monsterinsights_sitenote_category":0,"footnotes":""},"categories":[6],"tags":[609,2731,203],"class_list":["post-8716","post","type-post","status-publish","format-standard","has-post-thumbnail","hentry","category-economia","tag-ahora-12","tag-credito","tag-prorroga"],"_links":{"self":[{"href":"https:\/\/www.visionweb.com.ar\/index.php?rest_route=\/wp\/v2\/posts\/8716","targetHints":{"allow":["GET"]}}],"collection":[{"href":"https:\/\/www.visionweb.com.ar\/index.php?rest_route=\/wp\/v2\/posts"}],"about":[{"href":"https:\/\/www.visionweb.com.ar\/index.php?rest_route=\/wp\/v2\/types\/post"}],"author":[{"embeddable":true,"href":"https:\/\/www.visionweb.com.ar\/index.php?rest_route=\/wp\/v2\/users\/3"}],"replies":[{"embeddable":true,"href":"https:\/\/www.visionweb.com.ar\/index.php?rest_route=%2Fwp%2Fv2%2Fcomments&post=8716"}],"version-history":[{"count":2,"href":"https:\/\/www.visionweb.com.ar\/index.php?rest_route=\/wp\/v2\/posts\/8716\/revisions"}],"predecessor-version":[{"id":8718,"href":"https:\/\/www.visionweb.com.ar\/index.php?rest_route=\/wp\/v2\/posts\/8716\/revisions\/8718"}],"wp:featuredmedia":[{"embeddable":true,"href":"https:\/\/www.visionweb.com.ar\/index.php?rest_route=\/wp\/v2\/media\/5368"}],"wp:attachment":[{"href":"https:\/\/www.visionweb.com.ar\/index.php?rest_route=%2Fwp%2Fv2%2Fmedia&parent=8716"}],"wp:term":[{"taxonomy":"category","embeddable":true,"href":"https:\/\/www.visionweb.com.ar\/index.php?rest_route=%2Fwp%2Fv2%2Fcategories&post=8716"},{"taxonomy":"post_tag","embeddable":true,"href":"https:\/\/www.visionweb.com.ar\/index.php?rest_route=%2Fwp%2Fv2%2Ftags&post=8716"}],"curies":[{"name":"wp","href":"https:\/\/api.w.org\/{rel}","templated":true}]}}