{"id":8712,"date":"2022-12-19T15:53:09","date_gmt":"2022-12-19T18:53:09","guid":{"rendered":"https:\/\/www.visionweb.com.ar\/?p=8712"},"modified":"2022-12-19T15:55:25","modified_gmt":"2022-12-19T18:55:25","slug":"egresaron-1-400-cadetes-de-la-escuela-de-policia-juan-vucetich","status":"publish","type":"post","link":"https:\/\/www.visionweb.com.ar\/?p=8712","title":{"rendered":"Egresaron 1.400 cadetes de la escuela de polic\u00eda Juan Vucetich"},"content":{"rendered":"<p><em><strong>El acto fue presidido por el ministro de Seguridad bonaerense, SergioBerni y el gobernador Axel Kicillof.<\/strong><\/em> <!--more--><\/p>\n<div id=\"attachment_8713\" style=\"width: 310px\" class=\"wp-caption alignright\"><img loading=\"lazy\" decoding=\"async\" aria-describedby=\"caption-attachment-8713\" class=\"wp-image-8713 size-medium\" src=\"https:\/\/www.visionweb.com.ar\/wp-content\/uploads\/2022\/12\/Egresados-de-la-Escuela-de-Policia-300x212.png\" alt=\"\" width=\"300\" height=\"212\" srcset=\"https:\/\/www.visionweb.com.ar\/wp-content\/uploads\/2022\/12\/Egresados-de-la-Escuela-de-Policia-300x212.png 300w, https:\/\/www.visionweb.com.ar\/wp-content\/uploads\/2022\/12\/Egresados-de-la-Escuela-de-Policia-768x541.png 768w, https:\/\/www.visionweb.com.ar\/wp-content\/uploads\/2022\/12\/Egresados-de-la-Escuela-de-Policia.png 800w\" sizes=\"auto, (max-width: 300px) 100vw, 300px\" \/><p id=\"caption-attachment-8713\" class=\"wp-caption-text\"><em><strong>El ciclo lectivo 2022 para lasa fuerzas de seguridad bonaerense concluye con el egreso de 1.400 oficiales. (Foto: Ministerio de Seguridad) <\/strong><\/em><\/p><\/div>\n<p><strong>\u00a0 \u00a0 \u00a0 \u00a0 E<\/strong>n el marco del 201\u00b0 aniversario de la creaci\u00f3n de la Polic\u00eda de la provincia de Buenos Aires, el gobernador Axel Kicillof encabez\u00f3 este viernes, junto al ministro de Seguridad, Sergio Berni, el acto de egreso de 1.400 cadetes que culminaron sus periodos de formaci\u00f3n en las distintas sedes de la Escuela de Polic\u00eda \u201cJuan Vucetich\u201d.<\/p>\n<p>\u201cEstamos trabajando de manera decidida para cambiar el v\u00ednculo de la polic\u00eda con el pueblo, para eso hay que ser m\u00e1s eficaces y m\u00e1s eficientes. Necesitamos una polic\u00eda que haga cumplir la ley, y en eso vamos a ser implacables porque los miembros de la fuerza tienen que ser intachables en sus conductas\u201d, indic\u00f3 el Gobernador.<\/p>\n<p>Con respecto al momento en que se produce el egreso de una nueva camada de oficiales, el mandatario provincial dwstac\u00f3 que\u00bbesta promoci\u00f3n de nuevos efectivos se lleva adelante en un contexto de reconstrucci\u00f3n de la Polic\u00eda de la provincia de Buenos Aires. Hemos renovado por completo el parque automotor de la fuerza y hecho una gran inversi\u00f3n para que el personal de Seguridad cuente con todos los instrumentos necesarios para desempe\u00f1ar sus tareas\u201d.<\/p>\n<p>Adem\u00e1s, el Gobernador se\u00f1al\u00f3 que \u201cen un periodo de cuatro a\u00f1os en el que todos los trabajadores estatales sufrieron p\u00e9rdidas en su poder adquisitivo, las y los integrantes de la Polic\u00eda perdieron un 29% de sus salarios\u201d. \u201cPese a las dificultades econ\u00f3micas, la pandemia y el enorme endeudamiento que recibimos, hicimos algo que se hab\u00eda prometido muchas veces pero nunca se hab\u00eda concretado: en un acto de justicia, equiparamos los sueldos de la Polic\u00eda de la provincia con los de las fuerzas federales\u201d, a\u00f1adi\u00f3.<\/p>\n<p>Por su parte, Berni enfatiz\u00f3 que \u201choy no es un d\u00eda m\u00e1s para estos hombres y mujeres que, guiados por su esp\u00edritu de vocaci\u00f3n de servicio, ingresan a una vida distinta, de compromiso con las y los ciudadanos bonaerenses\u201d. \u201cEstamos cumpliendo con la instrucci\u00f3n del Gobernador para recuperar lo perdido durante los cuatro a\u00f1os anteriores, en los que el n\u00famero de efectivos descendi\u00f3 en casi 3.500 agentes, y para duplicar la capacidad operativa terrestre de la fuerza\u201d, dijo.<\/p>\n<p>El acto se desarroll\u00f3 en la sede central de la escuela Vucetich, en Berazategui, e incluy\u00f3 tambi\u00e9n a oficiales policiales de la Escuela de Cuerpos de Caballer\u00eda e Infanter\u00eda de La Plata y de las sedes de Chivilcoy, Ezeiza, Ramallo, Bah\u00eda Blanca, Olavarr\u00eda y el partido de La Costa.<\/p>\n<p>\u201cHemos impulsado una profunda reforma en la organizaci\u00f3n y en la formaci\u00f3n, modernizando los programas para contar con una Polic\u00eda m\u00e1s profesional y mejor preparada\u201d, subray\u00f3 el mandatario bonaerense y resalt\u00f3: \u201cNecesitamos que el honor, el orgullo y el sentido de pertenencia con la fuerza se observen en el accionar diario en cada esquina y en cada barrio\u201d, expres\u00f3.<\/p>\n<p>\u201cComienza una nueva etapa para estos 1.400 oficiales, signada por el sacrificio, la templanza y fundamentalmente por la disciplina\u201d, indic\u00f3 el Ministro.<\/p>\n<p>\u201cLos invito a retribuir con mucho compromiso toda la gratitud y el reconocimiento que muestran los bonaerenses por quienes juran entregar sus vidas para cumplir la misi\u00f3n de cuidar a nuestros vecinos y vecinas\u201d, a\u00f1adi\u00f3.<\/p>\n<p>Los nuevos oficiales se sumar\u00e1n a la fuerza policial que dispone la provincia de Buenos Aires para el Operativo de Sol a Sol 2023, donde llevar\u00e1n a cabo su primer trabajo objetivo. Asimismo, hay 4.100 oficiales que contin\u00faan form\u00e1ndose y egresar\u00e1n en marzo del a\u00f1o que viene.<\/p>\n<p>El 25% de los cadetes con mejor promedio de cada promoci\u00f3n accede al derecho a realizar el curso de Oficial Subayudante y el reescalafonamiento en el Subescalaf\u00f3n Comando.<\/p>\n<p>Estuvieron presentes el jefe de la Polic\u00eda provincial, Daniel Alberto Garc\u00eda; el subjefe, Jorge Oscar Figini; los intendentes de Ezeiza, Gast\u00f3n Granados; de Pila, Sebasti\u00e1n Walker; de Mor\u00f3n, Lucas Ghi; de General Lavalle, Jos\u00e9 Rodr\u00edguez Ponte; y de Dolores, Camilo Etchevarren; el secretario de Seguridad Ciudadana de Avellaneda, Alejo Chornobroff; funcionarios y funcionarias del Ministerio de Seguridad<strong>(VW)<\/strong>.<\/p>\n<p>&nbsp;<\/p>\n","protected":false},"excerpt":{"rendered":"<p>El acto fue presidido por el ministro de Seguridad bonaerense, SergioBerni y el gobernador Axel Kicillof.<\/p>\n","protected":false},"author":3,"featured_media":8713,"comment_status":"closed","ping_status":"closed","sticky":false,"template":"","format":"standard","meta":{"_monsterinsights_skip_tracking":false,"_monsterinsights_sitenote_active":false,"_monsterinsights_sitenote_note":"","_monsterinsights_sitenote_category":0,"footnotes":""},"categories":[3],"tags":[3639,3638,3640],"class_list":["post-8712","post","type-post","status-publish","format-standard","has-post-thumbnail","hentry","category-actualidad","tag-cadetes","tag-ehresados","tag-operativo-sol"],"_links":{"self":[{"href":"https:\/\/www.visionweb.com.ar\/index.php?rest_route=\/wp\/v2\/posts\/8712","targetHints":{"allow":["GET"]}}],"collection":[{"href":"https:\/\/www.visionweb.com.ar\/index.php?rest_route=\/wp\/v2\/posts"}],"about":[{"href":"https:\/\/www.visionweb.com.ar\/index.php?rest_route=\/wp\/v2\/types\/post"}],"author":[{"embeddable":true,"href":"https:\/\/www.visionweb.com.ar\/index.php?rest_route=\/wp\/v2\/users\/3"}],"replies":[{"embeddable":true,"href":"https:\/\/www.visionweb.com.ar\/index.php?rest_route=%2Fwp%2Fv2%2Fcomments&post=8712"}],"version-history":[{"count":2,"href":"https:\/\/www.visionweb.com.ar\/index.php?rest_route=\/wp\/v2\/posts\/8712\/revisions"}],"predecessor-version":[{"id":8715,"href":"https:\/\/www.visionweb.com.ar\/index.php?rest_route=\/wp\/v2\/posts\/8712\/revisions\/8715"}],"wp:featuredmedia":[{"embeddable":true,"href":"https:\/\/www.visionweb.com.ar\/index.php?rest_route=\/wp\/v2\/media\/8713"}],"wp:attachment":[{"href":"https:\/\/www.visionweb.com.ar\/index.php?rest_route=%2Fwp%2Fv2%2Fmedia&parent=8712"}],"wp:term":[{"taxonomy":"category","embeddable":true,"href":"https:\/\/www.visionweb.com.ar\/index.php?rest_route=%2Fwp%2Fv2%2Fcategories&post=8712"},{"taxonomy":"post_tag","embeddable":true,"href":"https:\/\/www.visionweb.com.ar\/index.php?rest_route=%2Fwp%2Fv2%2Ftags&post=8712"}],"curies":[{"name":"wp","href":"https:\/\/api.w.org\/{rel}","templated":true}]}}