{"id":8702,"date":"2022-12-19T12:01:37","date_gmt":"2022-12-19T15:01:37","guid":{"rendered":"https:\/\/www.visionweb.com.ar\/?p=8702"},"modified":"2022-12-19T12:01:37","modified_gmt":"2022-12-19T15:01:37","slug":"renuncio-el-asesor-del-presidente-y-en-la-casa-rosada-no-hay-actividades-oficiales-anunciadas-para-hoy","status":"publish","type":"post","link":"https:\/\/www.visionweb.com.ar\/?p=8702","title":{"rendered":"Renunci\u00f3 el asesor del presidente y en la Casa Rosada no hay actividades oficiales anunciadas para hoy"},"content":{"rendered":"<p><em><strong>Tras la victoria de la Selecci\u00f3n Argentina, la Casa de Gobierno sin agenda y con un asesor menos.<\/strong><\/em><strong>\u00a0<\/strong><!--more--><\/p>\n<div id=\"attachment_8704\" style=\"width: 310px\" class=\"wp-caption alignright\"><img loading=\"lazy\" decoding=\"async\" aria-describedby=\"caption-attachment-8704\" class=\"wp-image-8704 size-medium\" src=\"https:\/\/www.visionweb.com.ar\/wp-content\/uploads\/2022\/12\/grimson-foto-perfil-300x173.jpg\" alt=\"\" width=\"300\" height=\"173\" srcset=\"https:\/\/www.visionweb.com.ar\/wp-content\/uploads\/2022\/12\/grimson-foto-perfil-300x173.jpg 300w, https:\/\/www.visionweb.com.ar\/wp-content\/uploads\/2022\/12\/grimson-foto-perfil.bmp 704w\" sizes=\"auto, (max-width: 300px) 100vw, 300px\" \/><p id=\"caption-attachment-8704\" class=\"wp-caption-text\">Renunci\u00f3 Alejandro Grimson, asesor del presidente. (Foto: internet)<\/p><\/div>\n<p><strong>E<\/strong>l Gobierno oficializ\u00f3 hoy la<strong> renuncia de Alejandro Grimson al cargo de asesor del presidente Alberto Fern\u00e1ndez.<\/strong> Tras la victoria\u00a0de la Selecci\u00f3n en Qatar, no hay actividades oficiales anunciadas para la jornada en Casa Rosada. Fuentes cercanas al Gobierno advierten que tampoco fueron informadas actividades en las distintas carteras.<\/p>\n<p>La formalizaci\u00f3n de la salida del antrop\u00f3logo fue realizada a trav\u00e9s del<a href=\"https:\/\/www.boletinoficial.gob.ar\/detalleAviso\/primera\/277969\/20221219\">\u00a0decreto 840\/2022<\/a>, publicado en el Bolet\u00edn Oficial. En ese marco, se le agradecieron \u201cal funcionario renunciante los valiosos servicios prestados en el desempe\u00f1o de su cargo\u201d.<\/p>\n<p>El decreto que oficializa su renuncia lleva las firmas del presidente Fern\u00e1ndez y el jefe de Gabinete, Juan Manzur.<\/p>\n<p><strong>Grimson <\/strong>hab\u00eda sido designado asesor presidencial el 21 de enero de 2020 y era el <strong>responsable del programa \u201cArgentina Futura\u201d<\/strong>. El antrop\u00f3logo<strong> participaba en la escritura de los borradores de los discursos del jefe de Estado.<\/strong><\/p>\n<p>De esta manera, el c\u00edrculo de confianza del Presidente se torna cada vez m\u00e1s reducido. La renuncia de Grimson, motivada por \u00abcuestiones personales\u00bb y en b\u00fasqueda de posibilidades en el mundo acad\u00e9mico.<\/p>\n<p>No obstante, desde su entorno reconocen que el ahora ex asesor hab\u00eda perdido cercan\u00eda con Alberto Fern\u00e1ndez, y que\u00a0\u00abcada vez era menos consultado\u00bb<strong>\u00a0<\/strong>por el mandatario a la hora de armar sus discursos. Explicaron que \u00abesa funci\u00f3n est\u00e1 en la \u00f3rbita de la portavoz\u00bb de la Presidencia, Gabriela Cerruti. <strong>(VW)<\/strong><\/p>\n<p>&nbsp;<\/p>\n<p><strong>\u00a0<\/strong><\/p>\n<p>&nbsp;<\/p>\n","protected":false},"excerpt":{"rendered":"<p>Tras la victoria de la Selecci\u00f3n Argentina, la Casa de Gobierno sin agenda y con un asesor menos.\u00a0<\/p>\n","protected":false},"author":4,"featured_media":8704,"comment_status":"closed","ping_status":"closed","sticky":false,"template":"","format":"standard","meta":{"_monsterinsights_skip_tracking":false,"_monsterinsights_sitenote_active":false,"_monsterinsights_sitenote_note":"","_monsterinsights_sitenote_category":0,"footnotes":""},"categories":[4],"tags":[3631,3633,3632],"class_list":["post-8702","post","type-post","status-publish","format-standard","has-post-thumbnail","hentry","category-politica","tag-alejandro-grimson","tag-asesor-del-presidente","tag-renuncua"],"_links":{"self":[{"href":"https:\/\/www.visionweb.com.ar\/index.php?rest_route=\/wp\/v2\/posts\/8702","targetHints":{"allow":["GET"]}}],"collection":[{"href":"https:\/\/www.visionweb.com.ar\/index.php?rest_route=\/wp\/v2\/posts"}],"about":[{"href":"https:\/\/www.visionweb.com.ar\/index.php?rest_route=\/wp\/v2\/types\/post"}],"author":[{"embeddable":true,"href":"https:\/\/www.visionweb.com.ar\/index.php?rest_route=\/wp\/v2\/users\/4"}],"replies":[{"embeddable":true,"href":"https:\/\/www.visionweb.com.ar\/index.php?rest_route=%2Fwp%2Fv2%2Fcomments&post=8702"}],"version-history":[{"count":2,"href":"https:\/\/www.visionweb.com.ar\/index.php?rest_route=\/wp\/v2\/posts\/8702\/revisions"}],"predecessor-version":[{"id":8705,"href":"https:\/\/www.visionweb.com.ar\/index.php?rest_route=\/wp\/v2\/posts\/8702\/revisions\/8705"}],"wp:featuredmedia":[{"embeddable":true,"href":"https:\/\/www.visionweb.com.ar\/index.php?rest_route=\/wp\/v2\/media\/8704"}],"wp:attachment":[{"href":"https:\/\/www.visionweb.com.ar\/index.php?rest_route=%2Fwp%2Fv2%2Fmedia&parent=8702"}],"wp:term":[{"taxonomy":"category","embeddable":true,"href":"https:\/\/www.visionweb.com.ar\/index.php?rest_route=%2Fwp%2Fv2%2Fcategories&post=8702"},{"taxonomy":"post_tag","embeddable":true,"href":"https:\/\/www.visionweb.com.ar\/index.php?rest_route=%2Fwp%2Fv2%2Ftags&post=8702"}],"curies":[{"name":"wp","href":"https:\/\/api.w.org\/{rel}","templated":true}]}}