{"id":8695,"date":"2022-12-19T08:59:23","date_gmt":"2022-12-19T11:59:23","guid":{"rendered":"https:\/\/www.visionweb.com.ar\/?p=8695"},"modified":"2022-12-19T08:59:23","modified_gmt":"2022-12-19T11:59:23","slug":"muchaaachos-campeones-del-mundo-2022","status":"publish","type":"post","link":"https:\/\/www.visionweb.com.ar\/?p=8695","title":{"rendered":"Muchaaachos!!! Campeones del MUNDO 2022"},"content":{"rendered":"<p><em><strong>La Selecci\u00f3n Argentina logr\u00f3 la gloria eterna, luego de la maravillosa y peleada final de Qatar 2022 ante la Francia de Kylian Mbapp\u00e9. Messi el mejor del mundo. Di Mar\u00eda la genialidad completa. Dibu Dibu Dibu Mart\u00ednez: gracias!<\/strong><\/em><!--more--><\/p>\n<div id=\"attachment_8697\" style=\"width: 310px\" class=\"wp-caption alignright\"><img loading=\"lazy\" decoding=\"async\" aria-describedby=\"caption-attachment-8697\" class=\"wp-image-8697 size-medium\" src=\"https:\/\/www.visionweb.com.ar\/wp-content\/uploads\/2022\/12\/obelisco-300x200.jpg\" alt=\"\" width=\"300\" height=\"200\" srcset=\"https:\/\/www.visionweb.com.ar\/wp-content\/uploads\/2022\/12\/obelisco-300x200.jpg 300w, https:\/\/www.visionweb.com.ar\/wp-content\/uploads\/2022\/12\/obelisco.bmp 699w\" sizes=\"auto, (max-width: 300px) 100vw, 300px\" \/><p id=\"caption-attachment-8697\" class=\"wp-caption-text\">La tarde del domingo 18 en la historia para siempre.<\/p><\/div>\n<p><strong>L<\/strong>uego del tan esperado <strong>triunfo en el Mundial Qatar 2022,<\/strong> el plantel de la <strong>Selecci\u00f3n Argentina<\/strong> inici\u00f3 el camino de regreso al pa\u00eds tras la consagraci\u00f3n ante Francia. El pa\u00eds entero brill\u00f3, festej\u00f3, cant\u00f3 y grit\u00f3: todos unidos de felicidad por ser Campeones del Mundo.<\/p>\n<p>L\u00edo Messi, el 10 se convirti\u00f3 ya en el jugador con m\u00e1s partidos y m\u00e1s minutos en una Copa del Mundo.<\/p>\n<div id=\"attachment_8698\" style=\"width: 310px\" class=\"wp-caption alignleft\"><a href=\"https:\/\/www.visionweb.com.ar\/wp-content\/uploads\/2022\/12\/campeones-arg.bmp\"><img loading=\"lazy\" decoding=\"async\" aria-describedby=\"caption-attachment-8698\" class=\"wp-image-8698 size-medium\" src=\"https:\/\/www.visionweb.com.ar\/wp-content\/uploads\/2022\/12\/campeones-arg-300x169.jpg\" alt=\"\" width=\"300\" height=\"169\" srcset=\"https:\/\/www.visionweb.com.ar\/wp-content\/uploads\/2022\/12\/campeones-arg-300x169.jpg 300w, https:\/\/www.visionweb.com.ar\/wp-content\/uploads\/2022\/12\/campeones-arg-768x432.jpg 768w, https:\/\/www.visionweb.com.ar\/wp-content\/uploads\/2022\/12\/campeones-arg.bmp 776w\" sizes=\"auto, (max-width: 300px) 100vw, 300px\" \/><\/a><p id=\"caption-attachment-8698\" class=\"wp-caption-text\">La Scaloneta brill\u00f3 en la final. Campeones!<\/p><\/div>\n<p>A las 4:46, despu\u00e9s de algunas horas de demora, el avi\u00f3n que trae a los jugadores parti\u00f3 desde Doha. Har\u00e1 una escala en Roma, antes de arribar a Ezeiza.<\/p>\n<p>Tras 36 a\u00f1os sin ser campeones del mundo, en el pa\u00eds comenz\u00f3 a circular la versi\u00f3n de que\u00a0<strong>el Gobierno podr\u00eda decretar este lunes 19 de diciembre feriado nacional<\/strong><strong>\u00a0<\/strong>para continuar con las celebraciones y recibir al equipo campe\u00f3n. Pero no fue as\u00ed. S\u00f3lo en las provincias de\u00a0<strong>La Rioja<\/strong><strong> y en Catamarca<\/strong> declararon\u00a0<strong>asueto para la administraci\u00f3n p\u00fablica<\/strong>\u00a0para este lunes.<\/p>\n<p>En 1978 y en 1986 las selecciones triunfales fueron recibidas en la Casa Rosada para exhibir la Copa del Mundo desde el m\u00edtico balc\u00f3n, y a\u00fan no se sabe si el presidente copiar\u00e1 este estilo mundialista argentino. A\u00fan el Gobierno analiza este punto.<\/p>\n<p><strong><img loading=\"lazy\" decoding=\"async\" class=\"size-medium wp-image-8699 alignright\" src=\"https:\/\/www.visionweb.com.ar\/wp-content\/uploads\/2022\/12\/messi-cup-268x300.jpg\" alt=\"\" width=\"268\" height=\"300\" srcset=\"https:\/\/www.visionweb.com.ar\/wp-content\/uploads\/2022\/12\/messi-cup-268x300.jpg 268w, https:\/\/www.visionweb.com.ar\/wp-content\/uploads\/2022\/12\/messi-cup.jpg 507w\" sizes=\"auto, (max-width: 268px) 100vw, 268px\" \/>Argentina Campe\u00f3n de US$ 42 millones: <\/strong>La FIFA anunci\u00f3 en junio<strong>\u00a0pasado, <\/strong><strong>un presupuesto general de m\u00e1s de 1.600 millones de d\u00f3lares<\/strong>, del cual se destinar\u00e1 el 30% (440 millones) para repartir entre las selecciones.<\/p>\n<p>De los 440 millones de d\u00f3lares,\u00a0<strong>el campe\u00f3n se llevar\u00e1 42 millones y el otro finalista, 30 millones<\/strong>. A su vez, quienes ocupen el tercer y cuarto puesto repartir\u00e1 27 y 25 millones, respectivamente.<\/p>\n<p>A la vez, del quinto al octavo tendr\u00e1n 17 millones por equipo.<\/p>\n<div id=\"attachment_8700\" style=\"width: 310px\" class=\"wp-caption aligncenter\"><a href=\"https:\/\/www.visionweb.com.ar\/wp-content\/uploads\/2022\/12\/el-kun.bmp\"><img loading=\"lazy\" decoding=\"async\" aria-describedby=\"caption-attachment-8700\" class=\"wp-image-8700 size-medium\" src=\"https:\/\/www.visionweb.com.ar\/wp-content\/uploads\/2022\/12\/el-kun-300x219.jpg\" alt=\"\" width=\"300\" height=\"219\" srcset=\"https:\/\/www.visionweb.com.ar\/wp-content\/uploads\/2022\/12\/el-kun-300x219.jpg 300w, https:\/\/www.visionweb.com.ar\/wp-content\/uploads\/2022\/12\/el-kun.bmp 638w\" sizes=\"auto, (max-width: 300px) 100vw, 300px\" \/><\/a><p id=\"caption-attachment-8700\" class=\"wp-caption-text\">El Kun Ag\u00fcero fue la estrella en los festejos con la Selecci\u00f3n, luego del partido. (Imagen: internet)<\/p><\/div>\n<p>T<strong>odas las selecciones recibir\u00e1n 1.5 millones de d\u00f3lares para cubrir los gastos<\/strong>\u00a0que tengan que ver con los preparativos de los partidos, los viajes y alojamiento. <strong>(VW)<\/strong><\/p>\n<p>&nbsp;<\/p>\n","protected":false},"excerpt":{"rendered":"<p>La Selecci\u00f3n Argentina logr\u00f3 la gloria eterna, luego de la maravillosa y peleada final de Qatar 2022 ante la Francia de Kylian Mbapp\u00e9. Messi el mejor del mundo. Di Mar\u00eda la genialidad completa. Dibu&#46;&#46;&#46;<\/p>\n","protected":false},"author":4,"featured_media":8700,"comment_status":"closed","ping_status":"closed","sticky":false,"template":"","format":"standard","meta":{"_monsterinsights_skip_tracking":false,"_monsterinsights_sitenote_active":false,"_monsterinsights_sitenote_note":"","_monsterinsights_sitenote_category":0,"footnotes":""},"categories":[8],"tags":[3630,2601,163],"class_list":["post-8695","post","type-post","status-publish","format-standard","has-post-thumbnail","hentry","category-interes-general","tag-argenitina-campeon-del-mundo","tag-mundial-qatar","tag-seleccion"],"_links":{"self":[{"href":"https:\/\/www.visionweb.com.ar\/index.php?rest_route=\/wp\/v2\/posts\/8695","targetHints":{"allow":["GET"]}}],"collection":[{"href":"https:\/\/www.visionweb.com.ar\/index.php?rest_route=\/wp\/v2\/posts"}],"about":[{"href":"https:\/\/www.visionweb.com.ar\/index.php?rest_route=\/wp\/v2\/types\/post"}],"author":[{"embeddable":true,"href":"https:\/\/www.visionweb.com.ar\/index.php?rest_route=\/wp\/v2\/users\/4"}],"replies":[{"embeddable":true,"href":"https:\/\/www.visionweb.com.ar\/index.php?rest_route=%2Fwp%2Fv2%2Fcomments&post=8695"}],"version-history":[{"count":2,"href":"https:\/\/www.visionweb.com.ar\/index.php?rest_route=\/wp\/v2\/posts\/8695\/revisions"}],"predecessor-version":[{"id":8701,"href":"https:\/\/www.visionweb.com.ar\/index.php?rest_route=\/wp\/v2\/posts\/8695\/revisions\/8701"}],"wp:featuredmedia":[{"embeddable":true,"href":"https:\/\/www.visionweb.com.ar\/index.php?rest_route=\/wp\/v2\/media\/8700"}],"wp:attachment":[{"href":"https:\/\/www.visionweb.com.ar\/index.php?rest_route=%2Fwp%2Fv2%2Fmedia&parent=8695"}],"wp:term":[{"taxonomy":"category","embeddable":true,"href":"https:\/\/www.visionweb.com.ar\/index.php?rest_route=%2Fwp%2Fv2%2Fcategories&post=8695"},{"taxonomy":"post_tag","embeddable":true,"href":"https:\/\/www.visionweb.com.ar\/index.php?rest_route=%2Fwp%2Fv2%2Ftags&post=8695"}],"curies":[{"name":"wp","href":"https:\/\/api.w.org\/{rel}","templated":true}]}}