{"id":8683,"date":"2022-12-16T09:29:33","date_gmt":"2022-12-16T12:29:33","guid":{"rendered":"https:\/\/www.visionweb.com.ar\/?p=8683"},"modified":"2022-12-16T09:29:33","modified_gmt":"2022-12-16T12:29:33","slug":"este-sabado-vuelve-a-lanus-la-noche-de-los-libros","status":"publish","type":"post","link":"https:\/\/www.visionweb.com.ar\/?p=8683","title":{"rendered":"Este s\u00e1bado vuelve a Lan\u00fas La Noche de los Libros"},"content":{"rendered":"<p><em><strong>El evento se realizar\u00e1 el pr\u00f3ximo s\u00e1bado 17 en Av. 9 de Julio y Basavilbaso, Lan\u00fas Este, desde las 17 horas.<\/strong><\/em><!--more--><\/p>\n<p><strong><img loading=\"lazy\" decoding=\"async\" class=\"size-medium wp-image-8685 alignleft\" src=\"https:\/\/www.visionweb.com.ar\/wp-content\/uploads\/2022\/12\/la-noche-de-los-libros22-300x300.jpg\" alt=\"\" width=\"300\" height=\"300\" srcset=\"https:\/\/www.visionweb.com.ar\/wp-content\/uploads\/2022\/12\/la-noche-de-los-libros22-300x300.jpg 300w, https:\/\/www.visionweb.com.ar\/wp-content\/uploads\/2022\/12\/la-noche-de-los-libros22-150x150.jpg 150w, https:\/\/www.visionweb.com.ar\/wp-content\/uploads\/2022\/12\/la-noche-de-los-libros22-80x80.jpg 80w, https:\/\/www.visionweb.com.ar\/wp-content\/uploads\/2022\/12\/la-noche-de-los-libros22-320x320.jpg 320w, https:\/\/www.visionweb.com.ar\/wp-content\/uploads\/2022\/12\/la-noche-de-los-libros22-65x65.jpg 65w, https:\/\/www.visionweb.com.ar\/wp-content\/uploads\/2022\/12\/la-noche-de-los-libros22.jpg 584w\" sizes=\"auto, (max-width: 300px) 100vw, 300px\" \/>L<\/strong>a secretar\u00eda de Cultura del Municipio de Lan\u00fas invita a disfrutar de una noche \u00fanica, que contar\u00e1 con la participaci\u00f3n de <strong>escritores locales, editoriales, stand para firmas de libros, charlas sobre diferentes tem\u00e1ticas<\/strong>, como romanticismo, historia, terror. El corolario de esta propuesta ser\u00e1 con la presentaci\u00f3n de una banda musical.<\/p>\n<p>El evento, organizado por la secretar\u00eda de Cultura del Municipio, tendr\u00e1 lugar este s\u00e1bado 17 de diciembre, de 17 a 23 horas. El objetivo es fomentar la lectura y promover actividades al aire libre. El mismo ser\u00e1 libre y gratuito para los y las vecinas del distrito, conforme indic\u00f3 Prensa de la Comuna.<\/p>\n<p>Aqu\u00ed la informaci\u00f3n del cronograma completo:<\/p>\n<p><strong>18 hs: \u201cPecados de oto\u00f1o\u201d \u2013 Ra\u00fal Ezcurra<\/strong><\/p>\n<p>18:20 hs: \u201cCuarentena, la fragmentaci\u00f3n de la imagen\u201d \u2013 Nora Iniesta<\/p>\n<p>18.30 hs: \u201cNovela rom\u00e1ntica hoy\u201d \u2013 Valeria Naya, \u00c9rica Vera y Kaen Delorbe<\/p>\n<p>19 hs: \u201cMente criminal\u201d \u2013 Gast\u00f3n Intelisano y Mat\u00edas Bragagnolo<\/p>\n<p>19:30 hs: \u201cEn voz alta, el regreso de la poes\u00eda\u201d \u2013 Pablo Barnoso<\/p>\n<p>20 hs: \u201cLa cocina de las historias\u201d \u2013 Andrea Lago y Clarisa Bionda<\/p>\n<p>20:30 hs: \u201cDile al tiempo que vuelva\u201d \u2013 Gabriela Romero, Mirta Fachini y Carola Lagomarsino<\/p>\n<p>21:00 hs: \u201cTransformar los pensamientos para transformar la vida\u201d \u2013 Cocimano Celina<\/p>\n<p>21:30 hs: \u201cEl camino de la escritura \u2013 de la autopublicaci\u00f3n a una editorial\u201d \u2013 Sabrina Mercado, Mariela Fishbarg, Camila Mora y Paulia Maggi<\/p>\n<p>22:00 hs: Musical &#8211; Keamor<\/p>\n<p>23:00 hs: Cierre del evento<\/p>\n<p>Las moderadoras del evento ser\u00e1n Celeste Sawczuk, Mercedes Mayol y Andrea V\u00e1zquez. <strong>(VW)<\/strong><\/p>\n<p>&nbsp;<\/p>\n<p>&nbsp;<\/p>\n","protected":false},"excerpt":{"rendered":"<p>El evento se realizar\u00e1 el pr\u00f3ximo s\u00e1bado 17 en Av. 9 de Julio y Basavilbaso, Lan\u00fas Este, desde las 17 horas.<\/p>\n","protected":false},"author":4,"featured_media":8685,"comment_status":"closed","ping_status":"closed","sticky":false,"template":"","format":"standard","meta":{"_monsterinsights_skip_tracking":false,"_monsterinsights_sitenote_active":false,"_monsterinsights_sitenote_note":"","_monsterinsights_sitenote_category":0,"footnotes":""},"categories":[8],"tags":[3624,3623,19],"class_list":["post-8683","post","type-post","status-publish","format-standard","has-post-thumbnail","hentry","category-interes-general","tag-cultura-de-lanus","tag-la-noche-de-los-libros","tag-lanus"],"_links":{"self":[{"href":"https:\/\/www.visionweb.com.ar\/index.php?rest_route=\/wp\/v2\/posts\/8683","targetHints":{"allow":["GET"]}}],"collection":[{"href":"https:\/\/www.visionweb.com.ar\/index.php?rest_route=\/wp\/v2\/posts"}],"about":[{"href":"https:\/\/www.visionweb.com.ar\/index.php?rest_route=\/wp\/v2\/types\/post"}],"author":[{"embeddable":true,"href":"https:\/\/www.visionweb.com.ar\/index.php?rest_route=\/wp\/v2\/users\/4"}],"replies":[{"embeddable":true,"href":"https:\/\/www.visionweb.com.ar\/index.php?rest_route=%2Fwp%2Fv2%2Fcomments&post=8683"}],"version-history":[{"count":2,"href":"https:\/\/www.visionweb.com.ar\/index.php?rest_route=\/wp\/v2\/posts\/8683\/revisions"}],"predecessor-version":[{"id":8686,"href":"https:\/\/www.visionweb.com.ar\/index.php?rest_route=\/wp\/v2\/posts\/8683\/revisions\/8686"}],"wp:featuredmedia":[{"embeddable":true,"href":"https:\/\/www.visionweb.com.ar\/index.php?rest_route=\/wp\/v2\/media\/8685"}],"wp:attachment":[{"href":"https:\/\/www.visionweb.com.ar\/index.php?rest_route=%2Fwp%2Fv2%2Fmedia&parent=8683"}],"wp:term":[{"taxonomy":"category","embeddable":true,"href":"https:\/\/www.visionweb.com.ar\/index.php?rest_route=%2Fwp%2Fv2%2Fcategories&post=8683"},{"taxonomy":"post_tag","embeddable":true,"href":"https:\/\/www.visionweb.com.ar\/index.php?rest_route=%2Fwp%2Fv2%2Ftags&post=8683"}],"curies":[{"name":"wp","href":"https:\/\/api.w.org\/{rel}","templated":true}]}}