{"id":8676,"date":"2022-12-16T09:06:37","date_gmt":"2022-12-16T12:06:37","guid":{"rendered":"https:\/\/www.visionweb.com.ar\/?p=8676"},"modified":"2022-12-16T09:06:37","modified_gmt":"2022-12-16T12:06:37","slug":"con-diversas-acciones-el-municipio-de-lanus-adhiere-al-programa-fomentar-empleo","status":"publish","type":"post","link":"https:\/\/www.visionweb.com.ar\/?p=8676","title":{"rendered":"Con diversas acciones el Municipio de Lan\u00fas adhiere al Programa Fomentar Empleo"},"content":{"rendered":"<p><em><strong>El Municipio ofrece orientaci\u00f3n y capacitaciones en la b\u00fasqueda laboral para personas de entre 18 y 64 a\u00f1os. Aqu\u00ed los requisitos y c\u00f3mo inscribirse.<\/strong>\u00a0<\/em><!--more--><\/p>\n<p><strong> <img loading=\"lazy\" decoding=\"async\" class=\"size-medium wp-image-8678 aligncenter\" src=\"https:\/\/www.visionweb.com.ar\/wp-content\/uploads\/2022\/12\/fomentar-empleo-lanus-300x300.jpg\" alt=\"\" width=\"300\" height=\"300\" srcset=\"https:\/\/www.visionweb.com.ar\/wp-content\/uploads\/2022\/12\/fomentar-empleo-lanus-300x300.jpg 300w, https:\/\/www.visionweb.com.ar\/wp-content\/uploads\/2022\/12\/fomentar-empleo-lanus-150x150.jpg 150w, https:\/\/www.visionweb.com.ar\/wp-content\/uploads\/2022\/12\/fomentar-empleo-lanus-80x80.jpg 80w, https:\/\/www.visionweb.com.ar\/wp-content\/uploads\/2022\/12\/fomentar-empleo-lanus-320x320.jpg 320w, https:\/\/www.visionweb.com.ar\/wp-content\/uploads\/2022\/12\/fomentar-empleo-lanus-65x65.jpg 65w, https:\/\/www.visionweb.com.ar\/wp-content\/uploads\/2022\/12\/fomentar-empleo-lanus.jpg 530w\" sizes=\"auto, (max-width: 300px) 100vw, 300px\" \/> \u00a0 E<\/strong>l <strong>programa<\/strong> <strong>nacional Fomentar Empleo<\/strong>, impulsa e integra pol\u00edticas activas de promoci\u00f3n de empleo y capacitaci\u00f3n profesional, con el objetivo de mejorar competencias laborales y facilitar la inserci\u00f3n de trabajadores en empleos de calidad.<\/p>\n<p>Desde la <strong>oficina de Empleo del Municipio de Lan\u00fas<\/strong>, se busca <strong>acompa\u00f1ar a los vecinos y vecinas para que accedan a su pr\u00f3ximo empleo<\/strong> y as\u00ed obtener una mejor <strong>capacitaci\u00f3n y optimizar sus habilidades profesionales<\/strong>, inform\u00f3 Prensa de Lan\u00fas.<\/p>\n<p>Los contenidos que se ofrecen son:<\/p>\n<p>Orientaci\u00f3n laboral.<br \/>\nAcompa\u00f1amiento en la b\u00fasqueda de empleo.<br \/>\nPr\u00e1cticas laborales en ambientes de trabajo.<br \/>\nCursos de formaci\u00f3n profesional.<\/p>\n<p>Las inscripciones son a trav\u00e9s de:\u00a0<a href=\"http:\/\/www.portalempleo.gob.ar\/\">www.portalempleo.gob.ar<\/a>\u00a0y para m\u00e1s informaci\u00f3n podes preguntar en:\u00a0<a href=\"mailto:consultasfomentarlanus@gmail.com\">consultasfomentarlanus@gmail.com<\/a><\/p>\n<p>Tendr\u00e1n prioridad:<\/p>\n<p>J\u00f3venes de 18 a 24 a\u00f1os (sin estudios secundarios completos).<br \/>\nMujeres de 25 a 59 a\u00f1os (sin estudios superiores completos y con hijos menores a cargo).<br \/>\nVarones de 45 a 64 a\u00f1os (sin estudios superiores completos y con hijos menores a cargo).<br \/>\nPersona con discapacidad (con certificado vigente).<br \/>\nPersonas que poseen exclusi\u00f3n laboral (que sufrieron violencia de g\u00e9nero, comunidades ind\u00edgenas, etc.)<\/p>\n<p>Es importante que aquellos que se postulen no cuenten\u00a0con trabajo registrado en los \u00faltimos 3 meses.\u00a0<strong>(VW)<\/strong><\/p>\n<p>&nbsp;<\/p>\n","protected":false},"excerpt":{"rendered":"<p>El Municipio ofrece orientaci\u00f3n y capacitaciones en la b\u00fasqueda laboral para personas de entre 18 y 64 a\u00f1os. Aqu\u00ed los requisitos y c\u00f3mo inscribirse.\u00a0<\/p>\n","protected":false},"author":4,"featured_media":8678,"comment_status":"closed","ping_status":"closed","sticky":false,"template":"","format":"standard","meta":{"_monsterinsights_skip_tracking":false,"_monsterinsights_sitenote_active":false,"_monsterinsights_sitenote_note":"","_monsterinsights_sitenote_category":0,"footnotes":""},"categories":[8,5],"tags":[3622,1022,2824,3621],"class_list":["post-8676","post","type-post","status-publish","format-standard","has-post-thumbnail","hentry","category-interes-general","category-sociedad","tag-fomentar-trabajo","tag-inscripciones","tag-municipio-de-lanus","tag-oficiba-de-empleo"],"_links":{"self":[{"href":"https:\/\/www.visionweb.com.ar\/index.php?rest_route=\/wp\/v2\/posts\/8676","targetHints":{"allow":["GET"]}}],"collection":[{"href":"https:\/\/www.visionweb.com.ar\/index.php?rest_route=\/wp\/v2\/posts"}],"about":[{"href":"https:\/\/www.visionweb.com.ar\/index.php?rest_route=\/wp\/v2\/types\/post"}],"author":[{"embeddable":true,"href":"https:\/\/www.visionweb.com.ar\/index.php?rest_route=\/wp\/v2\/users\/4"}],"replies":[{"embeddable":true,"href":"https:\/\/www.visionweb.com.ar\/index.php?rest_route=%2Fwp%2Fv2%2Fcomments&post=8676"}],"version-history":[{"count":2,"href":"https:\/\/www.visionweb.com.ar\/index.php?rest_route=\/wp\/v2\/posts\/8676\/revisions"}],"predecessor-version":[{"id":8679,"href":"https:\/\/www.visionweb.com.ar\/index.php?rest_route=\/wp\/v2\/posts\/8676\/revisions\/8679"}],"wp:featuredmedia":[{"embeddable":true,"href":"https:\/\/www.visionweb.com.ar\/index.php?rest_route=\/wp\/v2\/media\/8678"}],"wp:attachment":[{"href":"https:\/\/www.visionweb.com.ar\/index.php?rest_route=%2Fwp%2Fv2%2Fmedia&parent=8676"}],"wp:term":[{"taxonomy":"category","embeddable":true,"href":"https:\/\/www.visionweb.com.ar\/index.php?rest_route=%2Fwp%2Fv2%2Fcategories&post=8676"},{"taxonomy":"post_tag","embeddable":true,"href":"https:\/\/www.visionweb.com.ar\/index.php?rest_route=%2Fwp%2Fv2%2Ftags&post=8676"}],"curies":[{"name":"wp","href":"https:\/\/api.w.org\/{rel}","templated":true}]}}