{"id":8669,"date":"2022-12-15T10:58:11","date_gmt":"2022-12-15T13:58:11","guid":{"rendered":"https:\/\/www.visionweb.com.ar\/?p=8669"},"modified":"2022-12-15T10:58:11","modified_gmt":"2022-12-15T13:58:11","slug":"caba-hoy-es-la-noche-de-las-birrerias","status":"publish","type":"post","link":"https:\/\/www.visionweb.com.ar\/?p=8669","title":{"rendered":"CABA: Hoy es La Noche de las Birrer\u00edas"},"content":{"rendered":"<p><em><strong>Hay m\u00e1s de 100 locales adheridos para disfrutar de las \u201cbirras\u201d a mitad de precio. Aqu\u00ed el mapa y c\u00f3mo comprar con descuento.<\/strong><\/em><!--more--><\/p>\n<p><strong> <img loading=\"lazy\" decoding=\"async\" class=\"size-medium wp-image-8671 alignright\" src=\"https:\/\/www.visionweb.com.ar\/wp-content\/uploads\/2022\/12\/birras-300x177.jpg\" alt=\"\" width=\"300\" height=\"177\" srcset=\"https:\/\/www.visionweb.com.ar\/wp-content\/uploads\/2022\/12\/birras-300x177.jpg 300w, https:\/\/www.visionweb.com.ar\/wp-content\/uploads\/2022\/12\/birras.bmp 673w\" sizes=\"auto, (max-width: 300px) 100vw, 300px\" \/> E<\/strong>ste jueves ser\u00e1 <strong>La Noche<\/strong><strong> de las Birrer\u00edas<\/strong> un evento que re\u00fane a m\u00e1s de\u00a0<strong>100 cervecer\u00edas <\/strong>en 15 barrios<strong>\u00a0<\/strong>de la Ciudad de Buenos Aires. Esta es la novena edici\u00f3n del evento que se podr\u00e1 disfrutar desde las 18 hasta la 1 de la ma\u00f1ana del viernes.<\/p>\n<p>De esta manera, el p\u00fablico podr\u00e1 recorrer durante ese tiempo, cada uno de los bares adheridos,\u00a0<strong>probar diferentes variedades de cervezas artesanales, como tambi\u00e9n<\/strong> disfrutar de las <strong>propuestas art\u00edsticas<\/strong> programadas en cada bar.<\/p>\n<p>Para participar habr\u00e1 que\u00a0<strong>comprar anticipadamente las cervezas por el valor de $333 cada pinta, a trav\u00e9s del sitio <\/strong><strong><a href=\"http:\/\/www.passline.com\/sitio\/la-noche-de-las-birrerias\">Passline<\/a><\/strong><strong>\u00a0<\/strong>y as\u00ed obtener un c\u00f3digo QR que se presenta cada bar, y programar el recorrido que se quiera realizar.<\/p>\n<p>Los bares ofrecer\u00e1n\u00a0distintas <strong>puestas en escena<\/strong>\u00a0que van desde shows en vivo, karaokes, muestras de fotos, teatro, competencias de freestyle, mapping, DJs, arcades y ferias.<\/p>\n<p><strong>Aqu\u00ed el MAPA<\/strong>: A trav\u00e9s de la\u00a0<a href=\"http:\/\/www.lanochedelasbirrerias.com\/\">web del evento<\/a>\u00a0se pueden ver\u00a0<strong>los mapas de cada barrio que convocan a realizar los recorridos<\/strong>\u00a0marcando donde se encuentra cada cervecer\u00eda.<\/p>\n<p>Los barrios que participan de La Noche de las Birrer\u00edas son: Belgrano, Caballito, Centro, Colegiales, Devoto, N\u00fa\u00f1ez, los Palermos Hollywood, Norte, Soho y Viejo; Parque Patricios, Recoleta, San Telmo, Villa Crespo y Villa Urquiza.<\/p>\n<p>Cabe destacar, que esta iniciativa cuenta con el\u00a0<strong>apoyo institucional de<\/strong><strong>\u00a0<\/strong><strong><a href=\"https:\/\/www.buenosaires.gob.ar\/desarrolloeconomico\/gastronomia\/ba-capital-gastronomica\">BA Capital Gastron\u00f3mica<\/a><\/strong><strong>\u00a0<\/strong>un programa busca posicionar a la Ciudad de Buenos Aires como la <strong>capital gastron\u00f3mica de Am\u00e9rica Latina<\/strong>. <strong>(VW)<\/strong><\/p>\n<p>&nbsp;<\/p>\n","protected":false},"excerpt":{"rendered":"<p>Hay m\u00e1s de 100 locales adheridos para disfrutar de las \u201cbirras\u201d a mitad de precio. Aqu\u00ed el mapa y c\u00f3mo comprar con descuento.<\/p>\n","protected":false},"author":4,"featured_media":8671,"comment_status":"closed","ping_status":"closed","sticky":false,"template":"","format":"standard","meta":{"_monsterinsights_skip_tracking":false,"_monsterinsights_sitenote_active":false,"_monsterinsights_sitenote_note":"","_monsterinsights_sitenote_category":0,"footnotes":""},"categories":[1317],"tags":[330,1935,3619],"class_list":["post-8669","post","type-post","status-publish","format-standard","has-post-thumbnail","hentry","category-sabores-y-tendencias","tag-caba","tag-cerveza","tag-la-noche-de-las-birrerias"],"_links":{"self":[{"href":"https:\/\/www.visionweb.com.ar\/index.php?rest_route=\/wp\/v2\/posts\/8669","targetHints":{"allow":["GET"]}}],"collection":[{"href":"https:\/\/www.visionweb.com.ar\/index.php?rest_route=\/wp\/v2\/posts"}],"about":[{"href":"https:\/\/www.visionweb.com.ar\/index.php?rest_route=\/wp\/v2\/types\/post"}],"author":[{"embeddable":true,"href":"https:\/\/www.visionweb.com.ar\/index.php?rest_route=\/wp\/v2\/users\/4"}],"replies":[{"embeddable":true,"href":"https:\/\/www.visionweb.com.ar\/index.php?rest_route=%2Fwp%2Fv2%2Fcomments&post=8669"}],"version-history":[{"count":2,"href":"https:\/\/www.visionweb.com.ar\/index.php?rest_route=\/wp\/v2\/posts\/8669\/revisions"}],"predecessor-version":[{"id":8672,"href":"https:\/\/www.visionweb.com.ar\/index.php?rest_route=\/wp\/v2\/posts\/8669\/revisions\/8672"}],"wp:featuredmedia":[{"embeddable":true,"href":"https:\/\/www.visionweb.com.ar\/index.php?rest_route=\/wp\/v2\/media\/8671"}],"wp:attachment":[{"href":"https:\/\/www.visionweb.com.ar\/index.php?rest_route=%2Fwp%2Fv2%2Fmedia&parent=8669"}],"wp:term":[{"taxonomy":"category","embeddable":true,"href":"https:\/\/www.visionweb.com.ar\/index.php?rest_route=%2Fwp%2Fv2%2Fcategories&post=8669"},{"taxonomy":"post_tag","embeddable":true,"href":"https:\/\/www.visionweb.com.ar\/index.php?rest_route=%2Fwp%2Fv2%2Ftags&post=8669"}],"curies":[{"name":"wp","href":"https:\/\/api.w.org\/{rel}","templated":true}]}}