{"id":8664,"date":"2022-12-15T10:29:37","date_gmt":"2022-12-15T13:29:37","guid":{"rendered":"https:\/\/www.visionweb.com.ar\/?p=8664"},"modified":"2022-12-15T10:29:37","modified_gmt":"2022-12-15T13:29:37","slug":"lomas-ya-esta-habilitado-el-nuevo-paso-bajo-nivel-de-rincon-vieytes","status":"publish","type":"post","link":"https:\/\/www.visionweb.com.ar\/?p=8664","title":{"rendered":"Lomas: Ya est\u00e1 habilitado el nuevo paso bajo nivel de Rinc\u00f3n-Vieytes"},"content":{"rendered":"<p><em><strong>Cuenta con dos carriles que conectan las avenidas\u00a0Alsina e Hip\u00f3lito Yrigoyen en la localidad de Banfield.<\/strong><\/em><strong>\u00a0<\/strong><!--more--><\/p>\n<div id=\"attachment_8666\" style=\"width: 310px\" class=\"wp-caption alignleft\"><img loading=\"lazy\" decoding=\"async\" aria-describedby=\"caption-attachment-8666\" class=\"wp-image-8666 size-medium\" src=\"https:\/\/www.visionweb.com.ar\/wp-content\/uploads\/2022\/12\/bajo-nivel-vieytes-2-300x220.jpg\" alt=\"\" width=\"300\" height=\"220\" srcset=\"https:\/\/www.visionweb.com.ar\/wp-content\/uploads\/2022\/12\/bajo-nivel-vieytes-2-300x220.jpg 300w, https:\/\/www.visionweb.com.ar\/wp-content\/uploads\/2022\/12\/bajo-nivel-vieytes-2.bmp 575w\" sizes=\"auto, (max-width: 300px) 100vw, 300px\" \/><p id=\"caption-attachment-8666\" class=\"wp-caption-text\">Fotos municipio de Lomas de Zamora<\/p><\/div>\n<p><strong>\u00a0\u00a0\u00a0 E<\/strong>n Lomas de Zamora ya se encuentra habilitado<strong>\u00a0<\/strong><strong>el nuevo<\/strong> <strong>paso bajo nivel Rinc\u00f3n-Vieytes<\/strong> que vincula al este y oeste de la localidad de Banfield, en el marco del plan integral de la infraestructura ferroviaria y vehicular.<\/p>\n<p>El proyecto, financiado por el Ministerio de Transporte de la Naci\u00f3n, contiene una<strong>\u00a0pasarela peatonal<\/strong>\u00a0accesible para personas con movilidad reducida, calles de servicio paralelas y un retorno por encima del t\u00fanel del lado de la calle Rinc\u00f3n.<\/p>\n<p><strong>El paso bajo nivel conecta al este y oeste de la localidad de Banfield.<\/strong><\/p>\n<p>El bajo nivel subterr\u00e1neo cuenta con dos carriles que conectan las avenidas<strong>\u00a0Alsina e Hip\u00f3lito Yrigoyen<\/strong>, lo cual evitar\u00e1 los congestionamientos de tr\u00e1nsito que se produc\u00edan en el antiguo cruce.<\/p>\n<p><a href=\"https:\/\/www.visionweb.com.ar\/wp-content\/uploads\/2022\/12\/bajo-nivel-vieytes.bmp\"><img loading=\"lazy\" decoding=\"async\" class=\"size-medium wp-image-8667 alignright\" src=\"https:\/\/www.visionweb.com.ar\/wp-content\/uploads\/2022\/12\/bajo-nivel-vieytes-300x298.jpg\" alt=\"\" width=\"300\" height=\"298\" srcset=\"https:\/\/www.visionweb.com.ar\/wp-content\/uploads\/2022\/12\/bajo-nivel-vieytes-300x298.jpg 300w, https:\/\/www.visionweb.com.ar\/wp-content\/uploads\/2022\/12\/bajo-nivel-vieytes-150x150.jpg 150w, https:\/\/www.visionweb.com.ar\/wp-content\/uploads\/2022\/12\/bajo-nivel-vieytes-80x80.jpg 80w, https:\/\/www.visionweb.com.ar\/wp-content\/uploads\/2022\/12\/bajo-nivel-vieytes-65x65.jpg 65w, https:\/\/www.visionweb.com.ar\/wp-content\/uploads\/2022\/12\/bajo-nivel-vieytes.bmp 590w\" sizes=\"auto, (max-width: 300px) 100vw, 300px\" \/><\/a>En esa l\u00ednea, desde el Municipio de Lomas de Zamora informaron: \u201cLos vecinos y vecinas ya est\u00e1n circulando por el nuevo paso bajo nivel de Banfield que construimos junto al Ministerio de Transporte de la Naci\u00f3n Argentina\u201d.<\/p>\n<p>A la vez que indicaron que a la brevedad, se llevar\u00e1n a cabo trabajos de\u00a0<strong>embellecimiento y paisajismo<\/strong>, la adecuaci\u00f3n del sistema h\u00eddrico, la instalaci\u00f3n de nuevas luminarias y la se\u00f1alizaci\u00f3n de toda la zona.<\/p>\n<p><strong>(VW)<\/strong><\/p>\n","protected":false},"excerpt":{"rendered":"<p>Cuenta con dos carriles que conectan las avenidas\u00a0Alsina e Hip\u00f3lito Yrigoyen en la localidad de Banfield.\u00a0<\/p>\n","protected":false},"author":4,"featured_media":8667,"comment_status":"closed","ping_status":"closed","sticky":false,"template":"","format":"standard","meta":{"_monsterinsights_skip_tracking":false,"_monsterinsights_sitenote_active":false,"_monsterinsights_sitenote_note":"","_monsterinsights_sitenote_category":0,"footnotes":""},"categories":[3],"tags":[681,3617,3618],"class_list":["post-8664","post","type-post","status-publish","format-standard","has-post-thumbnail","hentry","category-actualidad","tag-banfield","tag-lomas-de-zamora-hbilitaron-paso-bajo-nivel","tag-vieytes-rincon"],"_links":{"self":[{"href":"https:\/\/www.visionweb.com.ar\/index.php?rest_route=\/wp\/v2\/posts\/8664","targetHints":{"allow":["GET"]}}],"collection":[{"href":"https:\/\/www.visionweb.com.ar\/index.php?rest_route=\/wp\/v2\/posts"}],"about":[{"href":"https:\/\/www.visionweb.com.ar\/index.php?rest_route=\/wp\/v2\/types\/post"}],"author":[{"embeddable":true,"href":"https:\/\/www.visionweb.com.ar\/index.php?rest_route=\/wp\/v2\/users\/4"}],"replies":[{"embeddable":true,"href":"https:\/\/www.visionweb.com.ar\/index.php?rest_route=%2Fwp%2Fv2%2Fcomments&post=8664"}],"version-history":[{"count":2,"href":"https:\/\/www.visionweb.com.ar\/index.php?rest_route=\/wp\/v2\/posts\/8664\/revisions"}],"predecessor-version":[{"id":8668,"href":"https:\/\/www.visionweb.com.ar\/index.php?rest_route=\/wp\/v2\/posts\/8664\/revisions\/8668"}],"wp:featuredmedia":[{"embeddable":true,"href":"https:\/\/www.visionweb.com.ar\/index.php?rest_route=\/wp\/v2\/media\/8667"}],"wp:attachment":[{"href":"https:\/\/www.visionweb.com.ar\/index.php?rest_route=%2Fwp%2Fv2%2Fmedia&parent=8664"}],"wp:term":[{"taxonomy":"category","embeddable":true,"href":"https:\/\/www.visionweb.com.ar\/index.php?rest_route=%2Fwp%2Fv2%2Fcategories&post=8664"},{"taxonomy":"post_tag","embeddable":true,"href":"https:\/\/www.visionweb.com.ar\/index.php?rest_route=%2Fwp%2Fv2%2Ftags&post=8664"}],"curies":[{"name":"wp","href":"https:\/\/api.w.org\/{rel}","templated":true}]}}