{"id":8647,"date":"2022-12-15T08:14:28","date_gmt":"2022-12-15T11:14:28","guid":{"rendered":"https:\/\/www.visionweb.com.ar\/?p=8647"},"modified":"2022-12-15T08:14:28","modified_gmt":"2022-12-15T11:14:28","slug":"se-creo-la-escuela-de-supermercadismo","status":"publish","type":"post","link":"https:\/\/www.visionweb.com.ar\/?p=8647","title":{"rendered":"Se creo la Escuela de supermercadismo"},"content":{"rendered":"<p><strong><em>Su funcionamiento operativo se iniciar\u00e1 a comienzos de 2023.\u00a0 Su primera actividad ser\u00e1 la Diplomatura en Supermercadismo \u2013 Nivel Operativo<\/em><\/strong><!--more--><\/p>\n<div id=\"attachment_8648\" style=\"width: 310px\" class=\"wp-caption alignright\"><img loading=\"lazy\" decoding=\"async\" aria-describedby=\"caption-attachment-8648\" class=\"wp-image-8648 size-medium\" src=\"https:\/\/www.visionweb.com.ar\/wp-content\/uploads\/2022\/12\/CAMARA-DE-SUPERMERCADISTAS-RICARDO-SORZON-300x164.png\" alt=\"\" width=\"300\" height=\"164\" srcset=\"https:\/\/www.visionweb.com.ar\/wp-content\/uploads\/2022\/12\/CAMARA-DE-SUPERMERCADISTAS-RICARDO-SORZON-300x164.png 300w, https:\/\/www.visionweb.com.ar\/wp-content\/uploads\/2022\/12\/CAMARA-DE-SUPERMERCADISTAS-RICARDO-SORZON-768x420.png 768w, https:\/\/www.visionweb.com.ar\/wp-content\/uploads\/2022\/12\/CAMARA-DE-SUPERMERCADISTAS-RICARDO-SORZON.png 800w\" sizes=\"auto, (max-width: 300px) 100vw, 300px\" \/><p id=\"caption-attachment-8648\" class=\"wp-caption-text\"><strong><em>Ricardo Zorzon, presidente de la C\u00e1mara de Supermercados anuncia la creaci\u00f3n de la Escuela (imagen: Youtube)<\/em><\/strong><\/p><\/div>\n<p><strong>\u00a0 \u00a0 \u00a0 \u00a0 \u00a0 L<\/strong>a Escuela Argentina del Supermercadismo ya es una realidad Las cuadrag\u00e9simas Jornadas del Supermercadismo Argentino brindaron el marco ideal para presentar un acontecimiento de gran relevancia para el retail nacional, que ve concretado un viejo anhelo del sector: la creaci\u00f3n de la Escuela\u00a0 Argentina del Supermercadismo.<\/p>\n<p>Este proyecto, que promete generar un valioso aporte en materia de productividad para el\u00a0 \u00a0permercadismo, se concreta gracias a un acuerdo de colaboraci\u00f3n entre la C\u00e1mara Argentina de Comercio y Servicios (CAC), la Universidad CAECE, la C\u00e1mara Argentina de Supermercados (CAS) y la Federaci\u00f3n Argentina de\u00a0 upermercados y Autoservicios (FASA).<\/p>\n<p>En la Jornada del 6 de diciembre se present\u00f3 la primera diplomatura, de nivel operativo, que comenzar\u00e1 a cursarse en abril del a\u00f1o pr\u00f3ximo, de esta forma, la Escuela Argentina del Supermercadismo, ya es una realidad.<\/p>\n<p>Al comenzar el acto, Natalio Mario Grinman, presidente de la C\u00e1mara Argentina de Comercio y Servicios y secretario de la Fundaci\u00f3n CAECE, pronunci\u00f3 un breve discurso sobre el relevante acontecimiento.<\/p>\n<p>Luego hizo uso de la palabra Ricardo Zorzon, presidente de la C\u00e1mara Argentina de Supermercados y tambi\u00e9n en su car\u00e1cter de Presidente recientemente electo, de la Asociaci\u00f3n de las Am\u00e9ricas de Supermercados.<\/p>\n<p>Seguidamente, antes de la firma del convenio, Victor Palpacelli, presidente de la Federaci\u00f3n Argentina de Supermercados y Autoservicios, entidad que agrupa a C\u00e1maras Supermercadistas y agrupaciones de compras de todo el pa\u00eds, se dirigi\u00f3 a los presentes destacando la importancia del evento.<\/p>\n<p>Luego de la presentaci\u00f3n del emprendimiento educativo,\u00a0 los dirigentes empresarios procedieron a rubricar el Acuerdo de Colaboraci\u00f3n Conjunta, que formaliz\u00f3 la creaci\u00f3n de la Escuela Argentina del Supermercadismo. Su primera actividad ser\u00e1 la Diplomatura en Supermercadismo \u2013 Nivel Operativo.<\/p>\n<p>Luego de la firma se vivi\u00f3 un momento muy emocionante: la presencia virtual de quien ha realizado un valioso aporte a las instituciones all\u00ed presentes, el doctor Ovidio Bolo, quien hizo llegar un mensaje de salutaci\u00f3n con los mejores deseos<strong>(VW)<\/strong>.<\/p>\n","protected":false},"excerpt":{"rendered":"<p>Su funcionamiento operativo se iniciar\u00e1 a comienzos de 2023.\u00a0 Su primera actividad ser\u00e1 la Diplomatura en Supermercadismo \u2013 Nivel Operativo<\/p>\n","protected":false},"author":3,"featured_media":8648,"comment_status":"closed","ping_status":"closed","sticky":false,"template":"","format":"standard","meta":{"_monsterinsights_skip_tracking":false,"_monsterinsights_sitenote_active":false,"_monsterinsights_sitenote_note":"","_monsterinsights_sitenote_category":0,"footnotes":""},"categories":[3,7],"tags":[589,1181,3609,3608],"class_list":["post-8647","post","type-post","status-publish","format-standard","has-post-thumbnail","hentry","category-actualidad","category-educacion-y-cultura","tag-589","tag-escuela","tag-operaciones","tag-supermercado"],"_links":{"self":[{"href":"https:\/\/www.visionweb.com.ar\/index.php?rest_route=\/wp\/v2\/posts\/8647","targetHints":{"allow":["GET"]}}],"collection":[{"href":"https:\/\/www.visionweb.com.ar\/index.php?rest_route=\/wp\/v2\/posts"}],"about":[{"href":"https:\/\/www.visionweb.com.ar\/index.php?rest_route=\/wp\/v2\/types\/post"}],"author":[{"embeddable":true,"href":"https:\/\/www.visionweb.com.ar\/index.php?rest_route=\/wp\/v2\/users\/3"}],"replies":[{"embeddable":true,"href":"https:\/\/www.visionweb.com.ar\/index.php?rest_route=%2Fwp%2Fv2%2Fcomments&post=8647"}],"version-history":[{"count":1,"href":"https:\/\/www.visionweb.com.ar\/index.php?rest_route=\/wp\/v2\/posts\/8647\/revisions"}],"predecessor-version":[{"id":8649,"href":"https:\/\/www.visionweb.com.ar\/index.php?rest_route=\/wp\/v2\/posts\/8647\/revisions\/8649"}],"wp:featuredmedia":[{"embeddable":true,"href":"https:\/\/www.visionweb.com.ar\/index.php?rest_route=\/wp\/v2\/media\/8648"}],"wp:attachment":[{"href":"https:\/\/www.visionweb.com.ar\/index.php?rest_route=%2Fwp%2Fv2%2Fmedia&parent=8647"}],"wp:term":[{"taxonomy":"category","embeddable":true,"href":"https:\/\/www.visionweb.com.ar\/index.php?rest_route=%2Fwp%2Fv2%2Fcategories&post=8647"},{"taxonomy":"post_tag","embeddable":true,"href":"https:\/\/www.visionweb.com.ar\/index.php?rest_route=%2Fwp%2Fv2%2Ftags&post=8647"}],"curies":[{"name":"wp","href":"https:\/\/api.w.org\/{rel}","templated":true}]}}