{"id":8642,"date":"2022-12-15T08:54:43","date_gmt":"2022-12-15T11:54:43","guid":{"rendered":"https:\/\/www.visionweb.com.ar\/?p=8642"},"modified":"2022-12-14T20:11:05","modified_gmt":"2022-12-14T23:11:05","slug":"el-precio-de-la-harina-solo-representa-un-10-en-el-valor-final-de-1kg-de-pan","status":"publish","type":"post","link":"https:\/\/www.visionweb.com.ar\/?p=8642","title":{"rendered":"El precio de la harina solo representa un 10% en el valor final de 1Kg de pan"},"content":{"rendered":"<p class=\"entry-excerpt\"><em><strong>Un experto de la FAUBA record\u00f3 que la harina solo representa entre 7 y 10% del costo de elaboraci\u00f3n de los panificados y asegur\u00f3 que, pese a la sequ\u00eda, no va a haber problemas de abastecimiento.<\/strong><\/em><!--more--><\/p>\n<p><strong>\u00a0 \u00a0 <img loading=\"lazy\" decoding=\"async\" class=\"size-medium wp-image-7963 alignright\" src=\"https:\/\/www.visionweb.com.ar\/wp-content\/uploads\/2022\/10\/PAN-300x158.png\" alt=\"\" width=\"300\" height=\"158\" srcset=\"https:\/\/www.visionweb.com.ar\/wp-content\/uploads\/2022\/10\/PAN-300x158.png 300w, https:\/\/www.visionweb.com.ar\/wp-content\/uploads\/2022\/10\/PAN.png 640w\" sizes=\"auto, (max-width: 300px) 100vw, 300px\" \/> D<\/strong>esde diferentes \u00e1mbitos de la sociedad, en particular desde el pol\u00edtico,\u00a0 se suele decir que el aumento del precio del trigo influye en el costo de un kilo de pan. Sin embargo en la pr\u00e1ctica no es tan as\u00ed.<\/p>\n<p>En ese sentido, el docente de Cerealicultura de la Facultad de Agronom\u00eda de la Universidad de Buenos Aires (FAUBA)<strong>, Daniel Miralles<\/strong>, se sum\u00f3 a las voces que alertan que es un error culpar a las subas que eventualmente tiene el trigo a nivel internacional, de los aumentos que sufren los productos panificados.<\/p>\n<p>Miralles record\u00f3 al respecto que la materia prima principal para la elaboraci\u00f3n del pan, que es la harina,\u00a0<strong>solo representa entre el 7% y el 10%<\/strong>\u00a0de los costos de elaboraci\u00f3n.<\/p>\n<p>\u201cEs fundamental\u00a0desmitificar el relato en el que se asocia el precio del pan al valor del precio internacional del trigo o de la harina\u00bb, asegur\u00f3 el especialista.<\/p>\n<p>En una econom\u00eda fr\u00e1gil e inestable, los reales motivos del aumento del precio del kilo de pan deben buscarse en otro lado\u201d, subray\u00f3 Miralles al Servicio de Divulgaci\u00f3n Cient\u00edfica de la FAUBA.<\/p>\n<p>Miralles hizo estas declaraciones en el marco de una nota publicada por la FAUBA que apunt\u00f3 a prever qu\u00e9 puede pasar con el mercado del trigo en los pr\u00f3ximos meses, a ra\u00edz de la sequ\u00eda que <strong>reducir\u00e1 de manera significativa la oferta del cereal<\/strong>.<\/p>\n<p>El problema, s\u00ed, es que\u00a0<strong>se resentir\u00e1n las exportaciones<\/strong>\u00a0y, de manera transitiva,\u00a0<strong>el flujo de d\u00f3lares<\/strong>\u00a0que suele aportar este cereal, junto a la cebada, durante los meses de verano.<\/p>\n<p>Seg\u00fan Miralles, <strong>aportan aproximadamente el 6% del total de las exportaciones argentinas<\/strong>: el trigo contribuye con un 4,5%, mientras que la cebada participa con un 1,2%. En conjunto, generan un ingreso anual cercano a los U$S 4.500 millones.<\/p>\n<p>Al respecto, \u201clos n\u00fameros muestran que\u00a0<strong>ocurrir\u00e1n p\u00e9rdidas de casi U$S 2.000 millones en las exportaciones de estos cereales<\/strong>. Claramente, representa un aspecto negativo para un pa\u00eds como el nuestro, que debe imperiosamente generar la mayor cantidad de d\u00f3lares posible por la v\u00eda de las exportaciones\u201d, sostuvo Miralles.<\/p>\n<p>En principio, aunque la campa\u00f1a se pens\u00f3 inicialmente para que alcanzara las 25 millones de toneladas y\u00a0<strong>los pron\u00f3sticos actuales se ubican en torno a las 12 millones<\/strong>, Miralles despej\u00f3 dudas sobre que pueda haber problemas para el abastecimiento en el mercado interno<strong>(VW)<\/strong>.<\/p>\n<p>&nbsp;<\/p>\n","protected":false},"excerpt":{"rendered":"<p>Un experto de la FAUBA record\u00f3 que la harina solo representa entre 7 y 10% del costo de elaboraci\u00f3n de los panificados y asegur\u00f3 que, pese a la sequ\u00eda, no va a haber problemas&#46;&#46;&#46;<\/p>\n","protected":false},"author":3,"featured_media":7963,"comment_status":"closed","ping_status":"closed","sticky":false,"template":"","format":"standard","meta":{"_monsterinsights_skip_tracking":false,"_monsterinsights_sitenote_active":false,"_monsterinsights_sitenote_note":"","_monsterinsights_sitenote_category":0,"footnotes":""},"categories":[3],"tags":[3320,509,1812,3321],"class_list":["post-8642","post","type-post","status-publish","format-standard","has-post-thumbnail","hentry","category-actualidad","tag-harina","tag-pan","tag-precio","tag-trigo"],"_links":{"self":[{"href":"https:\/\/www.visionweb.com.ar\/index.php?rest_route=\/wp\/v2\/posts\/8642","targetHints":{"allow":["GET"]}}],"collection":[{"href":"https:\/\/www.visionweb.com.ar\/index.php?rest_route=\/wp\/v2\/posts"}],"about":[{"href":"https:\/\/www.visionweb.com.ar\/index.php?rest_route=\/wp\/v2\/types\/post"}],"author":[{"embeddable":true,"href":"https:\/\/www.visionweb.com.ar\/index.php?rest_route=\/wp\/v2\/users\/3"}],"replies":[{"embeddable":true,"href":"https:\/\/www.visionweb.com.ar\/index.php?rest_route=%2Fwp%2Fv2%2Fcomments&post=8642"}],"version-history":[{"count":1,"href":"https:\/\/www.visionweb.com.ar\/index.php?rest_route=\/wp\/v2\/posts\/8642\/revisions"}],"predecessor-version":[{"id":8643,"href":"https:\/\/www.visionweb.com.ar\/index.php?rest_route=\/wp\/v2\/posts\/8642\/revisions\/8643"}],"wp:featuredmedia":[{"embeddable":true,"href":"https:\/\/www.visionweb.com.ar\/index.php?rest_route=\/wp\/v2\/media\/7963"}],"wp:attachment":[{"href":"https:\/\/www.visionweb.com.ar\/index.php?rest_route=%2Fwp%2Fv2%2Fmedia&parent=8642"}],"wp:term":[{"taxonomy":"category","embeddable":true,"href":"https:\/\/www.visionweb.com.ar\/index.php?rest_route=%2Fwp%2Fv2%2Fcategories&post=8642"},{"taxonomy":"post_tag","embeddable":true,"href":"https:\/\/www.visionweb.com.ar\/index.php?rest_route=%2Fwp%2Fv2%2Ftags&post=8642"}],"curies":[{"name":"wp","href":"https:\/\/api.w.org\/{rel}","templated":true}]}}