{"id":8635,"date":"2022-12-14T13:37:44","date_gmt":"2022-12-14T16:37:44","guid":{"rendered":"https:\/\/www.visionweb.com.ar\/?p=8635"},"modified":"2022-12-15T07:46:44","modified_gmt":"2022-12-15T10:46:44","slug":"el-gobierno-confirmo-un-bono-para-fin-de-ano-sera-de-20-000","status":"publish","type":"post","link":"https:\/\/www.visionweb.com.ar\/?p=8635","title":{"rendered":"El Gobierno confirm\u00f3 un bono para fin de a\u00f1o, ser\u00e1 de $24.000"},"content":{"rendered":"<p><em><strong>El beneficio alcanzar\u00e1 a los empelados privados y los beneficiarios de los planes Potenciar Trabajo percibir\u00e1n $13.500 (versi\u00f3n actualizada).<\/strong><\/em><!--more--><\/p>\n<div id=\"attachment_8013\" style=\"width: 310px\" class=\"wp-caption alignright\"><img loading=\"lazy\" decoding=\"async\" aria-describedby=\"caption-attachment-8013\" class=\"wp-image-8013 size-medium\" src=\"https:\/\/www.visionweb.com.ar\/wp-content\/uploads\/2022\/11\/INDUSTRIAS-BONAERENSES-300x169.png\" alt=\"\" width=\"300\" height=\"169\" srcset=\"https:\/\/www.visionweb.com.ar\/wp-content\/uploads\/2022\/11\/INDUSTRIAS-BONAERENSES-300x169.png 300w, https:\/\/www.visionweb.com.ar\/wp-content\/uploads\/2022\/11\/INDUSTRIAS-BONAERENSES.png 640w\" sizes=\"auto, (max-width: 300px) 100vw, 300px\" \/><p id=\"caption-attachment-8013\" class=\"wp-caption-text\">Los trabajadores que se desempe\u00f1an en el \u00e1mbito privado percibir\u00e1n un bono anual de $24.000 (Foto Archivo VW)<\/p><\/div>\n<p class=\"excerpt\">\u00a0 \u00a0 \u00a0 \u00a0 \u00a0 <strong>L<\/strong>uego de varias idas y vueltas, el Gobierno nacional conform\u00f3 este mi\u00e9rcoles que\u00a0 se entregar\u00e1 un bono de\u00a0 $24.000 a fin de a\u00f1o para trabajadores privados que perciban menos de $185.000 por mes .<\/p>\n<p>El beneficio alcanzar\u00e1 a m\u00e1s de 4 millones de trabajadoras y trabajadores formales adem\u00e1s de 1.300.000 titulares del Potenciar Trabajo<\/p>\n<p>Ambas medidas se instrumentar\u00e1n a trav\u00e9s de un Decreto de Necesidad y Urgencia (DNU) que firmar\u00e1 el presidente Alberto Fern\u00e1ndez, y ser\u00e1 publicado ma\u00f1ana en el Bolet\u00edn Oficial.<\/p>\n<p>El anuncio se conoci\u00f3 luego de una reuni\u00f3n que el presidente Alberto Fern\u00e1ndez mantuvo en el medio d\u00eda del mi\u00e9rcoles con \u00a0el ministro de Econom\u00eda, Sergio Massa, y las ministras de Trabajo, Raquel \u201cKelly\u201d Olmos, y Desarrollo Social, Victoria Tolosa Paz, para acordar los alcances de ambos bonos.<\/p>\n<p>Olmos explic\u00f3 que, en el caso del primero, se trata \u201cde un bono de 24.000 pesos a ser abonado durante el mes de diciembre por \u00fanica vez para trabajadores y trabajadoras en relaci\u00f3n de dependencia cuyos ingresos a diciembre asciendan por todo concepto, menos al aguinaldo, a tres salarios m\u00ednimos, vital y m\u00f3vil\u201d, que equivale aproximadamente a 185.000 pesos, en un comunicado de Presidencia.<\/p>\n<p>La decisi\u00f3n responde a la necesidad de\u00a0<strong>mejorar el poder adquisitivo<\/strong> de los sectores con menores ingresos que vieron recortada su capacidad de compra ante la escalada inflacionaria, consignaron fuentes oficiales a las agencias de noticias.<\/p>\n<div class=\"adserver-zonas-noticias\" data-index=\"2\">\n<div id=\"Parallax\">El jueves el INDEC dar\u00e1 a conocer la tasa de inflaci\u00f3n de noviembre que, si bien se ubicar\u00eda por debajo del 6%, impulsar\u00e1 a una suba de precios cercana al 18% para el \u00faltimo trimestre del a\u00f1o.<\/div>\n<\/div>\n<p><strong>En el caso de los trabajadores privados el bono que recibir\u00e1n no servir\u00e1 para el c\u00f3mputo del aguinaldo, pero queda excluido del pago del impuesto a las Ganancias.<\/strong><\/p>\n<p>Dado que por el monto que se fij\u00f3 como techo para obtener este adicional el mayor esfuerzo recaer\u00e1 sobre las pymes, el Gobierno defini\u00f3 que la mitad del bono que paguen ser\u00e1 deducible totalmente del impuesto a las Ganancias. Para ellos las empresas deber\u00e1n presentar la Declaraci\u00f3n Jurada correspondiente.<\/p>\n<h3 style=\"text-align: center;\"><span style=\"color: #3366ff;\"><em><strong>El beneficio alcanza a los privados que ganen menos de $180.000<\/strong><\/em><\/span><\/h3>\n<p>Por su parte, quienes est\u00e1n inscriptos en <strong>el plan Potenciar Trabajo<\/strong> recibir\u00e1n un adicional de $13.500 que ser\u00e1 depositado en las cuentas entre la semana de Navidad y A\u00f1o Nuevo, seg\u00fan indicaron fuentes oficiales.<\/p>\n<p>Para que esa acci\u00f3n ocurra, los beneficiaros deber\u00e1n validar su identidad de acuerdo a lo establecido por la Justicia. Cabe recordar que en las \u00faltimas semanas se desat\u00f3 una pol\u00e9mica por la aparici\u00f3n de pagos de planes sociales irregulares.<\/p>\n<p>De acuerdo a la informaci\u00f3n oficial se estima que entre los dos conjuntos de beneficiarios unos 4,4 millones de trabajadores recibir\u00e1n el est\u00edmulo monetario frente a las fiestas de Fin de A\u00f1o.<\/p>\n<p>As\u00ed, el Gobierno busca recomponer ingresos luego de una escalada inflacionaria cercana al 20% en el \u00faltimo trimestre que socav\u00f3 el poder adquisitivo, incluso de los asalariados que pudieron reabrir sus paritarias<strong>(VW)<\/strong>.<\/p>\n","protected":false},"excerpt":{"rendered":"<p>El beneficio alcanzar\u00e1 a los empelados privados y los beneficiarios de los planes Potenciar Trabajo percibir\u00e1n $13.500 (versi\u00f3n actualizada).<\/p>\n","protected":false},"author":3,"featured_media":8013,"comment_status":"closed","ping_status":"closed","sticky":false,"template":"","format":"standard","meta":{"_monsterinsights_skip_tracking":false,"_monsterinsights_sitenote_active":false,"_monsterinsights_sitenote_note":"","_monsterinsights_sitenote_category":0,"footnotes":""},"categories":[6],"tags":[3606,1248,1247],"class_list":["post-8635","post","type-post","status-publish","format-standard","has-post-thumbnail","hentry","category-economia","tag-beneficiarios-potenciar-trabajo","tag-bono","tag-trabajadores"],"_links":{"self":[{"href":"https:\/\/www.visionweb.com.ar\/index.php?rest_route=\/wp\/v2\/posts\/8635","targetHints":{"allow":["GET"]}}],"collection":[{"href":"https:\/\/www.visionweb.com.ar\/index.php?rest_route=\/wp\/v2\/posts"}],"about":[{"href":"https:\/\/www.visionweb.com.ar\/index.php?rest_route=\/wp\/v2\/types\/post"}],"author":[{"embeddable":true,"href":"https:\/\/www.visionweb.com.ar\/index.php?rest_route=\/wp\/v2\/users\/3"}],"replies":[{"embeddable":true,"href":"https:\/\/www.visionweb.com.ar\/index.php?rest_route=%2Fwp%2Fv2%2Fcomments&post=8635"}],"version-history":[{"count":4,"href":"https:\/\/www.visionweb.com.ar\/index.php?rest_route=\/wp\/v2\/posts\/8635\/revisions"}],"predecessor-version":[{"id":8646,"href":"https:\/\/www.visionweb.com.ar\/index.php?rest_route=\/wp\/v2\/posts\/8635\/revisions\/8646"}],"wp:featuredmedia":[{"embeddable":true,"href":"https:\/\/www.visionweb.com.ar\/index.php?rest_route=\/wp\/v2\/media\/8013"}],"wp:attachment":[{"href":"https:\/\/www.visionweb.com.ar\/index.php?rest_route=%2Fwp%2Fv2%2Fmedia&parent=8635"}],"wp:term":[{"taxonomy":"category","embeddable":true,"href":"https:\/\/www.visionweb.com.ar\/index.php?rest_route=%2Fwp%2Fv2%2Fcategories&post=8635"},{"taxonomy":"post_tag","embeddable":true,"href":"https:\/\/www.visionweb.com.ar\/index.php?rest_route=%2Fwp%2Fv2%2Ftags&post=8635"}],"curies":[{"name":"wp","href":"https:\/\/api.w.org\/{rel}","templated":true}]}}