{"id":8622,"date":"2022-12-13T14:42:52","date_gmt":"2022-12-13T17:42:52","guid":{"rendered":"https:\/\/www.visionweb.com.ar\/?p=8622"},"modified":"2022-12-13T14:42:52","modified_gmt":"2022-12-13T17:42:52","slug":"acumar-finalizo-la-2da-audiencia-publica-por-la-navegabilidad-del-riachuelo","status":"publish","type":"post","link":"https:\/\/www.visionweb.com.ar\/?p=8622","title":{"rendered":"ACUMAR: Finaliz\u00f3 la 2da. Audiencia P\u00fablica por la navegabilidad del Riachuelo"},"content":{"rendered":"<p><em><strong>Con la participaci\u00f3n total de m\u00e1s de 50 exposiciones, concluy\u00f3 la Audiencia P\u00fablica que tuvo ayer su segunda jornada de debate en torno a la vuelta de las navegaciones en un tramo del Riachuelo.<\/strong><\/em><!--more--><\/p>\n<p><strong><img loading=\"lazy\" decoding=\"async\" class=\"size-medium wp-image-8624 alignright\" src=\"https:\/\/www.visionweb.com.ar\/wp-content\/uploads\/2022\/12\/acumar-audiencia-publica-300x194.jpg\" alt=\"\" width=\"300\" height=\"194\" srcset=\"https:\/\/www.visionweb.com.ar\/wp-content\/uploads\/2022\/12\/acumar-audiencia-publica-300x194.jpg 300w, https:\/\/www.visionweb.com.ar\/wp-content\/uploads\/2022\/12\/acumar-audiencia-publica.bmp 654w\" sizes=\"auto, (max-width: 300px) 100vw, 300px\" \/>F<\/strong>inaliz\u00f3 la segunda y \u00faltima jornada de exposiciones en la Audiencia P\u00fablica convocada por\u00a0ACUMAR\u00a0para debatir sobre el proyecto de <strong>retomar las navegaciones en el tramo final del Riachuelo<\/strong> luego de 11 a\u00f1os de restricci\u00f3n.<\/p>\n<p>El encuentro se llev\u00f3 a cabo ayer lunes 12 de diciembre, y fue presidido por el director general de Gesti\u00f3n Pol\u00edtica y Social del organismo, Antol\u00edn Magallanes y por el director de la Comisi\u00f3n de Participaci\u00f3n Social, Fabio M\u00e1rquez. All\u00ed se retomaron las exposiciones luego del cuarto intermedio de la primera jornada realizada el 2 de diciembre \u00faltimo.<\/p>\n<p>En la jornada, que se llev\u00f3 a cabo en la sede de Parque Patricios del Archivo General de la Naci\u00f3n, se convoc\u00f3 tambi\u00e9n a quienes durante la primera no hab\u00edan podido hacer uso de la palabra, tanto por inasistencia como por problemas t\u00e9cnicos, en los casos de presentaciones v\u00eda Zoom, conforme indic\u00f3 Prensa de ACUMAR.<\/p>\n<p>En ese contexto, el presidente del organismo, Mart\u00edn Sabbatella, destac\u00f3 la importancia de contar con estos espacios de participaci\u00f3n:\u00a0\u201cEs una gran responsabilidad llevar adelante estas Audiencias, donde podemos escuchar a quienes, al igual que\u00a0ACUMAR, quieren una Cuenca mejor. En este caso, <strong>la idea de retomar las navegaciones habla tambi\u00e9n de comenzar a construir una nueva etapa que nos permita revincularnos con el Riachuelo<\/strong>\u201d.<\/p>\n<p>Durante el encuentro se puso a consideraci\u00f3n un <strong>proyecto de navegabilidad en el tramo final del r\u00edo <\/strong>que fue presentado de manera conjunta este a\u00f1o por las carteras de Turismo de la Naci\u00f3n y la Ciudad ante el Juzgado Federal de Mor\u00f3n, quien dio intervenci\u00f3n a\u00a0ACUMAR para determinar la factibilidad t\u00e9cnica y ambiental de retomar las navegaciones, suspendidas desde 2011 en el marco de la causa judicial por el saneamiento del Matanza Riachuelo, conocida como \u201cCausa Mendoza\u201d.<\/p>\n<p><img loading=\"lazy\" decoding=\"async\" class=\"size-medium wp-image-8051 alignleft\" src=\"https:\/\/www.visionweb.com.ar\/wp-content\/uploads\/2022\/11\/acumar-navegabilidad-riachuelo-300x200.jpg\" alt=\"\" width=\"300\" height=\"200\" srcset=\"https:\/\/www.visionweb.com.ar\/wp-content\/uploads\/2022\/11\/acumar-navegabilidad-riachuelo-300x200.jpg 300w, https:\/\/www.visionweb.com.ar\/wp-content\/uploads\/2022\/11\/acumar-navegabilidad-riachuelo.bmp 658w\" sizes=\"auto, (max-width: 300px) 100vw, 300px\" \/>La Audiencia, que puede revivirse en el canal oficial de\u00a0ACUMAR\u00a0en YouTube, finaliz\u00f3 cerca de las 13 horas y con los testimonios expuestos, las consideraciones y observaciones realizadas por cada participante, se elaborar\u00e1 un informe final, que contemple todos estos aspectos. El informe estar\u00e1 disponible en la web del organismo en no m\u00e1s de 30 d\u00edas, tal cual lo establece la norma que rige estos procesos, Decreto N\u00b01172\/2003.<\/p>\n<p>Se encuentran disponibles los videos de la primera y segunda jornada de la Audiencia en el canal de<a href=\"https:\/\/acumar.tr.pemsv11.net\/c\/eyJhIjoiYWN1bWFyIiwibSI6Im1haWxfY2xibDE1bnlmMXNhaTA5NjhwYTY1c3ExbiIsImwiOiJsaW5rXzkzNGRkZWNiYTc4ZTAwMDAxM2Y3NDc3MDdkMjRhODVjZTYxMjc5NGEiLCJpIjpbXSwidSI6Imh0dHBzOi8vd3d3LnlvdXR1YmUuY29tL0BBY3VtYXJSaWFjaHVlbG8iLCJjIjoiIiwiaCI6ImZmNmJkMiJ9\">\u00a0YouTube de\u00a0<strong>ACUMAR<\/strong><\/a>.<\/p>\n<p><a href=\"https:\/\/acumar.tr.pemsv11.net\/c\/eyJhIjoiYWN1bWFyIiwibSI6Im1haWxfY2xibDE1bnlmMXNhaTA5NjhwYTY1c3ExbiIsImwiOiJsaW5rXzJhNjFhYzVlMGVhYjFjNWEzMWY2MWZkNzcyZWE0NWFjMTJhY2Y2NGEiLCJpIjpbXSwidSI6Imh0dHBzOi8vd3d3LnlvdXR1YmUuY29tL3dhdGNoP3Y9elV2VE8wZFFVaVkiLCJjIjoiIiwiaCI6ImZjZWE3OCJ9\">https:\/\/www.youtube.com\/watch?v=zUvTO0dQUiY<\/a><\/p>\n<p>\u00abCon la jornada de hoy concluye un a\u00f1o de gesti\u00f3n en el que la participaci\u00f3n ciudadana fue protagonista. <strong>Dos instancias de Audiencia P\u00fablica, mesas de trabajo, talleres, capacitaciones, programas educativos y comunitarios fueron algunas de las l\u00edneas de trabajo<\/strong> con las que nos propusimos seguir fortaleciendo el v\u00ednculo de la comunidad de la Cuenca con su r\u00edo y arroyos, con la convicci\u00f3n de que esta relaci\u00f3n es un eje fundamental para garantizar su recuperaci\u00f3n ambiental\u00bb, agreg\u00f3 Sabbatella. <strong>(VW)<\/strong><\/p>\n<p>&nbsp;<\/p>\n","protected":false},"excerpt":{"rendered":"<p>Con la participaci\u00f3n total de m\u00e1s de 50 exposiciones, concluy\u00f3 la Audiencia P\u00fablica que tuvo ayer su segunda jornada de debate en torno a la vuelta de las navegaciones en un tramo del Riachuelo.<\/p>\n","protected":false},"author":4,"featured_media":8051,"comment_status":"closed","ping_status":"closed","sticky":false,"template":"","format":"standard","meta":{"_monsterinsights_skip_tracking":false,"_monsterinsights_sitenote_active":false,"_monsterinsights_sitenote_note":"","_monsterinsights_sitenote_category":0,"footnotes":""},"categories":[8],"tags":[442,3604,3362],"class_list":["post-8622","post","type-post","status-publish","format-standard","has-post-thumbnail","hentry","category-interes-general","tag-acumar","tag-audiencia-publuca","tag-navegabilidad-del-riachuelo"],"_links":{"self":[{"href":"https:\/\/www.visionweb.com.ar\/index.php?rest_route=\/wp\/v2\/posts\/8622","targetHints":{"allow":["GET"]}}],"collection":[{"href":"https:\/\/www.visionweb.com.ar\/index.php?rest_route=\/wp\/v2\/posts"}],"about":[{"href":"https:\/\/www.visionweb.com.ar\/index.php?rest_route=\/wp\/v2\/types\/post"}],"author":[{"embeddable":true,"href":"https:\/\/www.visionweb.com.ar\/index.php?rest_route=\/wp\/v2\/users\/4"}],"replies":[{"embeddable":true,"href":"https:\/\/www.visionweb.com.ar\/index.php?rest_route=%2Fwp%2Fv2%2Fcomments&post=8622"}],"version-history":[{"count":2,"href":"https:\/\/www.visionweb.com.ar\/index.php?rest_route=\/wp\/v2\/posts\/8622\/revisions"}],"predecessor-version":[{"id":8625,"href":"https:\/\/www.visionweb.com.ar\/index.php?rest_route=\/wp\/v2\/posts\/8622\/revisions\/8625"}],"wp:featuredmedia":[{"embeddable":true,"href":"https:\/\/www.visionweb.com.ar\/index.php?rest_route=\/wp\/v2\/media\/8051"}],"wp:attachment":[{"href":"https:\/\/www.visionweb.com.ar\/index.php?rest_route=%2Fwp%2Fv2%2Fmedia&parent=8622"}],"wp:term":[{"taxonomy":"category","embeddable":true,"href":"https:\/\/www.visionweb.com.ar\/index.php?rest_route=%2Fwp%2Fv2%2Fcategories&post=8622"},{"taxonomy":"post_tag","embeddable":true,"href":"https:\/\/www.visionweb.com.ar\/index.php?rest_route=%2Fwp%2Fv2%2Ftags&post=8622"}],"curies":[{"name":"wp","href":"https:\/\/api.w.org\/{rel}","templated":true}]}}