{"id":8617,"date":"2022-12-13T11:26:05","date_gmt":"2022-12-13T14:26:05","guid":{"rendered":"https:\/\/www.visionweb.com.ar\/?p=8617"},"modified":"2022-12-13T11:26:05","modified_gmt":"2022-12-13T14:26:05","slug":"mar-del-plata-los-automoviles-se-podran-trasladar-en-tren","status":"publish","type":"post","link":"https:\/\/www.visionweb.com.ar\/?p=8617","title":{"rendered":"Mar del Plata: Los autom\u00f3viles se podr\u00e1n trasladar en tren"},"content":{"rendered":"<p><em><strong>La medida entrar\u00e1 en vigencia el pr\u00f3ximo 17 de diciembre, siempre que se cumplan una serie de requisitos.<\/strong><\/em><!--more--><\/p>\n<p><strong>\u00a0 \u00a0 \u00a0 <img loading=\"lazy\" decoding=\"async\" class=\"size-medium wp-image-8618 alignright\" src=\"https:\/\/www.visionweb.com.ar\/wp-content\/uploads\/2022\/12\/BANDEJA-300x169.png\" alt=\"\" width=\"300\" height=\"169\" srcset=\"https:\/\/www.visionweb.com.ar\/wp-content\/uploads\/2022\/12\/BANDEJA-300x169.png 300w, https:\/\/www.visionweb.com.ar\/wp-content\/uploads\/2022\/12\/BANDEJA-768x432.png 768w, https:\/\/www.visionweb.com.ar\/wp-content\/uploads\/2022\/12\/BANDEJA.png 800w\" sizes=\"auto, (max-width: 300px) 100vw, 300px\" \/>L<\/strong>os turistas que elijan viajar en tren hacia y desde Mar del Plata podr\u00e1n, desde el s\u00e1bado 17 de diciembre, podr\u00e1n transportar sus veh\u00edculos particulares en las formaciones que circular\u00e1n con bandejas para el traslado de autom\u00f3viles.<\/p>\n<p>Estas ubicaciones ya se encuentran a disposici\u00f3n en las boletar\u00edas de Plaza Constituci\u00f3n y Mar del Plata y se venden s\u00f3lo de manera presencial.<\/p>\n<p>Este nuevo servicio partir\u00e1, en una primera instancia, los s\u00e1bados a las 0:06 desde la terminal porte\u00f1a y los domingos a las 21:49 de la ciudad balnearia. El costo del pasaje ser\u00e1 de 11.100 pesos e incluye dos boletos en clase pullman, para que sus ocupantes puedan ir en tren.<\/p>\n<p>La entrega del rodado se efectuar\u00e1 el d\u00eda anterior al transporte, entre las 18 y las 21, en Plaza Constituci\u00f3n, y su retiro en Mar del Plata ser\u00e1 entre las 12 y las 15 del d\u00eda del viaje.<\/p>\n<p>En tanto, en Mar del Plata se dejar\u00e1 el coche entre las 16 y las 19 y su entrega se efectuar\u00e1 entre 7 y las 10 de la jornada siguiente.<\/p>\n<p>El retiro tard\u00edo de los autom\u00f3viles ser\u00e1 plausible de multa, que se ir\u00e1 incrementando a medida que avancen la demora: de 3.330, entre 3 y 6 horas de retraso, a 11.100 por d\u00eda de tardanza.<\/p>\n<p>Asimismo, detallaron cu\u00e1l es la documentaci\u00f3n a entregar para el transporte de veh\u00edculos:<br \/>\n\u2013 C\u00e9dula verde o azul + fotocopia<br \/>\n\u2013 DNI + fotocopia<br \/>\n\u2013 Constancia de seguro vigente + fotocopia<br \/>\n\u2013 Todos los cristales grabados con n\u00famero de dominio<br \/>\n\u2013 VTV vigente<br \/>\n\u2013 Oblea de gas vigente (en caso de poseer gas)<br \/>\n\u2013 Carta de porte<\/p>\n<p>Las unidades no pueden tener equipaje al momento del despacho. La empresa se reserva el derecho de admisi\u00f3n, ante incumplimiento de los requisitos<strong>(VW)<\/strong>.<\/p>\n<p>&nbsp;<\/p>\n","protected":false},"excerpt":{"rendered":"<p>La medida entrar\u00e1 en vigencia el pr\u00f3ximo 17 de diciembre, siempre que se cumplan una serie de requisitos.<\/p>\n","protected":false},"author":3,"featured_media":8618,"comment_status":"closed","ping_status":"closed","sticky":false,"template":"","format":"standard","meta":{"_monsterinsights_skip_tracking":false,"_monsterinsights_sitenote_active":false,"_monsterinsights_sitenote_note":"","_monsterinsights_sitenote_category":0,"footnotes":""},"categories":[1],"tags":[3603,247,90],"class_list":["post-8617","post","type-post","status-publish","format-standard","has-post-thumbnail","hentry","category-uncategorized","tag-automoviles","tag-mar-del-plata","tag-trenes"],"_links":{"self":[{"href":"https:\/\/www.visionweb.com.ar\/index.php?rest_route=\/wp\/v2\/posts\/8617","targetHints":{"allow":["GET"]}}],"collection":[{"href":"https:\/\/www.visionweb.com.ar\/index.php?rest_route=\/wp\/v2\/posts"}],"about":[{"href":"https:\/\/www.visionweb.com.ar\/index.php?rest_route=\/wp\/v2\/types\/post"}],"author":[{"embeddable":true,"href":"https:\/\/www.visionweb.com.ar\/index.php?rest_route=\/wp\/v2\/users\/3"}],"replies":[{"embeddable":true,"href":"https:\/\/www.visionweb.com.ar\/index.php?rest_route=%2Fwp%2Fv2%2Fcomments&post=8617"}],"version-history":[{"count":1,"href":"https:\/\/www.visionweb.com.ar\/index.php?rest_route=\/wp\/v2\/posts\/8617\/revisions"}],"predecessor-version":[{"id":8619,"href":"https:\/\/www.visionweb.com.ar\/index.php?rest_route=\/wp\/v2\/posts\/8617\/revisions\/8619"}],"wp:featuredmedia":[{"embeddable":true,"href":"https:\/\/www.visionweb.com.ar\/index.php?rest_route=\/wp\/v2\/media\/8618"}],"wp:attachment":[{"href":"https:\/\/www.visionweb.com.ar\/index.php?rest_route=%2Fwp%2Fv2%2Fmedia&parent=8617"}],"wp:term":[{"taxonomy":"category","embeddable":true,"href":"https:\/\/www.visionweb.com.ar\/index.php?rest_route=%2Fwp%2Fv2%2Fcategories&post=8617"},{"taxonomy":"post_tag","embeddable":true,"href":"https:\/\/www.visionweb.com.ar\/index.php?rest_route=%2Fwp%2Fv2%2Ftags&post=8617"}],"curies":[{"name":"wp","href":"https:\/\/api.w.org\/{rel}","templated":true}]}}