{"id":8607,"date":"2022-12-12T11:44:08","date_gmt":"2022-12-12T14:44:08","guid":{"rendered":"https:\/\/www.visionweb.com.ar\/?p=8607"},"modified":"2022-12-12T11:44:08","modified_gmt":"2022-12-12T14:44:08","slug":"lanus-ya-abrio-sus-puertas-la-delegacion-municipal-remedios-de-escalada-este","status":"publish","type":"post","link":"https:\/\/www.visionweb.com.ar\/?p=8607","title":{"rendered":"Lan\u00fas: Ya abri\u00f3 sus puertas la Delegaci\u00f3n Municipal Remedios de Escalada Este\u00a0"},"content":{"rendered":"<p><em><strong>El Municipio inaugur\u00f3 este nuevo espacio que\u00a0brindar\u00e1 atenci\u00f3n de los servicios sin necesidad de concurrir hasta las oficinas centrales.<\/strong><\/em><!--more--><\/p>\n<p><strong><img loading=\"lazy\" decoding=\"async\" class=\"size-medium wp-image-8610 alignleft\" src=\"https:\/\/www.visionweb.com.ar\/wp-content\/uploads\/2022\/12\/delegacion-escal-este-1-1-300x201.jpg\" alt=\"\" width=\"300\" height=\"201\" srcset=\"https:\/\/www.visionweb.com.ar\/wp-content\/uploads\/2022\/12\/delegacion-escal-este-1-1-300x201.jpg 300w, https:\/\/www.visionweb.com.ar\/wp-content\/uploads\/2022\/12\/delegacion-escal-este-1-1-768x514.jpg 768w, https:\/\/www.visionweb.com.ar\/wp-content\/uploads\/2022\/12\/delegacion-escal-este-1-1.jpg 784w\" sizes=\"auto, (max-width: 300px) 100vw, 300px\" \/>E<\/strong>l jefe de Gabinete del Municipio de Lan\u00fas, Diego Kravetz, \u00a0inaugur\u00f3 la nueva <strong>Delegaci\u00f3n Municipal en Remedios de Escalada Este<\/strong>, en la cual se\u00a0realizar\u00e1n seguimiento y asesoramiento a los vecinos y vecinas del barrio, como tambi\u00e9n la atenci\u00f3n a distintas solicitudes, reclamos y\/o necesidades que presenten.<\/p>\n<p>La nueva sede, ubicada en la calle <strong>Albarrac\u00edn 2389<\/strong> (esquina Dr. Guarracino), se encuentra conectada con el Centro de Atenci\u00f3n Vecinal para dar <strong>respuesta inmediata a los reclamos<\/strong>, como as\u00ed tambi\u00e9n, gestionar el arreglo de las calles ubicadas en su zona de influencia y cumplir tareas de recambio de luminarias, poda, raleo y recolecci\u00f3n de \u00e1ridos, indic\u00f3 Prensa de Lan\u00fas.<\/p>\n<p>Adem\u00e1s de las m\u00faltiples tareas que ofrece la sede, se efectuar\u00e1 la impresi\u00f3n de las <strong>boletas vigentes (TSG y automotores)<\/strong>, multas del Tribunal de Faltas, asistencia para la <strong>solicitud de turnos<\/strong> y la atenci\u00f3n y asesoramiento en general con tr\u00e1mites no afectados al Municipio. No se realizan pagos en la misma.<\/p>\n<p>Junto a Kravetz, acompa\u00f1aron en el evento, el subsecretario de Delegaciones, Facundo Prieto, la concejal Claudia Serapio y el delegado de la zona, Gustavo Genovese.<\/p>\n<p>Para tr\u00e1mites o consultas, <strong>comunicarse al 4357-5100<\/strong> \/ Interno 7214-7238, dentro del horario de atenci\u00f3n: 8 a 14 hs.<\/p>\n<p>La delegaci\u00f3n de Remedios de Escalada Este, es la sexta en inaugurarse en el distrito antes de finalizar el a\u00f1o, completando as\u00ed el <strong>plan Proyecci\u00f3n 2022<\/strong> del abordaje territorial del Municipio, el cual contar\u00e1 con 11 Delegaciones y Subdelegaciones distribuidas estrat\u00e9gicamente en la localidad. <strong>(VW)<\/strong><\/p>\n<p>&nbsp;<\/p>\n","protected":false},"excerpt":{"rendered":"<p>El Municipio inaugur\u00f3 este nuevo espacio que\u00a0brindar\u00e1 atenci\u00f3n de los servicios sin necesidad de concurrir hasta las oficinas centrales.<\/p>\n","protected":false},"author":4,"featured_media":8610,"comment_status":"closed","ping_status":"closed","sticky":false,"template":"","format":"standard","meta":{"_monsterinsights_skip_tracking":false,"_monsterinsights_sitenote_active":false,"_monsterinsights_sitenote_note":"","_monsterinsights_sitenote_category":0,"footnotes":""},"categories":[8],"tags":[3599,3598],"class_list":["post-8607","post","type-post","status-publish","format-standard","has-post-thumbnail","hentry","category-interes-general","tag-delegacion-escala-este","tag-lanus-municupio"],"_links":{"self":[{"href":"https:\/\/www.visionweb.com.ar\/index.php?rest_route=\/wp\/v2\/posts\/8607","targetHints":{"allow":["GET"]}}],"collection":[{"href":"https:\/\/www.visionweb.com.ar\/index.php?rest_route=\/wp\/v2\/posts"}],"about":[{"href":"https:\/\/www.visionweb.com.ar\/index.php?rest_route=\/wp\/v2\/types\/post"}],"author":[{"embeddable":true,"href":"https:\/\/www.visionweb.com.ar\/index.php?rest_route=\/wp\/v2\/users\/4"}],"replies":[{"embeddable":true,"href":"https:\/\/www.visionweb.com.ar\/index.php?rest_route=%2Fwp%2Fv2%2Fcomments&post=8607"}],"version-history":[{"count":2,"href":"https:\/\/www.visionweb.com.ar\/index.php?rest_route=\/wp\/v2\/posts\/8607\/revisions"}],"predecessor-version":[{"id":8611,"href":"https:\/\/www.visionweb.com.ar\/index.php?rest_route=\/wp\/v2\/posts\/8607\/revisions\/8611"}],"wp:featuredmedia":[{"embeddable":true,"href":"https:\/\/www.visionweb.com.ar\/index.php?rest_route=\/wp\/v2\/media\/8610"}],"wp:attachment":[{"href":"https:\/\/www.visionweb.com.ar\/index.php?rest_route=%2Fwp%2Fv2%2Fmedia&parent=8607"}],"wp:term":[{"taxonomy":"category","embeddable":true,"href":"https:\/\/www.visionweb.com.ar\/index.php?rest_route=%2Fwp%2Fv2%2Fcategories&post=8607"},{"taxonomy":"post_tag","embeddable":true,"href":"https:\/\/www.visionweb.com.ar\/index.php?rest_route=%2Fwp%2Fv2%2Ftags&post=8607"}],"curies":[{"name":"wp","href":"https:\/\/api.w.org\/{rel}","templated":true}]}}