{"id":8599,"date":"2022-12-09T12:11:08","date_gmt":"2022-12-09T15:11:08","guid":{"rendered":"https:\/\/www.visionweb.com.ar\/?p=8599"},"modified":"2022-12-09T12:11:08","modified_gmt":"2022-12-09T15:11:08","slug":"expo-escuelas-tecnicas-2022","status":"publish","type":"post","link":"https:\/\/www.visionweb.com.ar\/?p=8599","title":{"rendered":"Expo Escuelas T\u00e9cnicas 2022"},"content":{"rendered":"<p><em><strong>Junto al intendente de Avellaneda, Jorge Ferraresi, autoridades y referentes de la educaci\u00f3n a nivel local, la Uni\u00f3n Industrial de Avellaneda particip\u00f3 de la \u00abExpo Escuelas T\u00e9cnicas 2022\u00bb.<\/strong><\/em><!--more--><\/p>\n<div id=\"attachment_8600\" style=\"width: 310px\" class=\"wp-caption alignright\"><img loading=\"lazy\" decoding=\"async\" aria-describedby=\"caption-attachment-8600\" class=\"wp-image-8600 size-medium\" src=\"https:\/\/www.visionweb.com.ar\/wp-content\/uploads\/2022\/12\/EXPOTECNICA-300x225.png\" alt=\"\" width=\"300\" height=\"225\" srcset=\"https:\/\/www.visionweb.com.ar\/wp-content\/uploads\/2022\/12\/EXPOTECNICA-300x225.png 300w, https:\/\/www.visionweb.com.ar\/wp-content\/uploads\/2022\/12\/EXPOTECNICA-320x240.png 320w, https:\/\/www.visionweb.com.ar\/wp-content\/uploads\/2022\/12\/EXPOTECNICA.png 640w\" sizes=\"auto, (max-width: 300px) 100vw, 300px\" \/><p id=\"caption-attachment-8600\" class=\"wp-caption-text\"><em><strong>Estudiantes de las escuelas t\u00e9cnicas de Avellaneda junto a autoridades del UIAvellaneda y el intendente Jorge Ferraresi(Foto UIA), <\/strong><\/em><\/p><\/div>\n<p><strong>\u00a0 \u00a0 \u00a0 L<\/strong>a Uni\u00f3n Industrial de Avellaneda UIAv particip\u00f3 de la \u00abExpo Escuelas T\u00e9cnicas 2022\u00bb, que se realiz\u00f3 entre el 16 y el 18 de noviembre en el en el Parque La Estaci\u00f3n.<\/p>\n<p>La mega muestra cada a\u00f1o se convierte en una posibilidad \u00fanica para visibilizar el gran potencial t\u00e9cnico joven, donde se debati\u00f3 la actualidad educativa e industrial y los estudiantes de las escuelas t\u00e9cnicas de la ciudad expusieron sus proyectos.<\/p>\n<p>La iniciativa municipal que cont\u00f3 con la presencia de m\u00e1s de 100 empresas locales, autoridades nacionales, provinciales y municipales, y una gran convocatoria de la comunidad.<\/p>\n<p>La presidenta de la Entidad, Nilda Brovida,\u00a0 junto al intendente Jorge Ferraresi, visit\u00f3 todos los stands de las nueve escuelas t\u00e9cnicas de Avellaneda.<\/p>\n<p>Adem\u00e1s estuvieron presentes los representantes del Centro de Formaci\u00f3n Laboral. All\u00ed dialogaron con los alumnos y docentes sobre cada uno de los proyectos.<\/p>\n<p>Por otra parte, el presidente del Departamento de Desarrollo Humano y Social, Juan Pablo Valerio, mantuvo una reuni\u00f3n con los directores de las instituciones t\u00e9cnicas para ahondar en diferentes tem\u00e1ticas.<\/p>\n<p>Entre ellas, el desarrollo del programa VETA, nacido en la UIAvellaneda, el an\u00e1lisis de la situaci\u00f3n educativa e industrial actual y, la planificaci\u00f3n de proyectos en conjunto a largo plazo.<\/p>\n<p>Asimismo Valerio, junto a Jorge Matricali, miembro del Consejo Consultivo, evaluaron los proyectos de los alumnos del ciclo superior, realizando una recorrida por los distintos stands, en donde los j\u00f3venes expusieron sus trabajos y recibieron una calificaci\u00f3n.<\/p>\n<p>Mientras tanto, el presidente del Departamento de J\u00f3venes Empresarios, Nicol\u00e1s Nic\u00e9foro, y el secretario del espacio, Juan Ignacio Mill\u00e1n, brindaron una charla sobre el emprendedorismo, la cual estuvo destinada a todos los presentes. \u00abNo es sobre las ideas, sino hacer que estas se vuelvan realidad\u00bb, remarc\u00f3 Nic\u00e9foro<strong>(VW)<\/strong><\/p>\n","protected":false},"excerpt":{"rendered":"<p>Junto al intendente de Avellaneda, Jorge Ferraresi, autoridades y referentes de la educaci\u00f3n a nivel local, la Uni\u00f3n Industrial de Avellaneda particip\u00f3 de la \u00abExpo Escuelas T\u00e9cnicas 2022\u00bb.<\/p>\n","protected":false},"author":3,"featured_media":8600,"comment_status":"closed","ping_status":"closed","sticky":false,"template":"","format":"standard","meta":{"_monsterinsights_skip_tracking":false,"_monsterinsights_sitenote_active":false,"_monsterinsights_sitenote_note":"","_monsterinsights_sitenote_category":0,"footnotes":""},"categories":[7,749],"tags":[663,1353,3594,1774],"class_list":["post-8599","post","type-post","status-publish","format-standard","has-post-thumbnail","hentry","category-educacion-y-cultura","category-pymes","tag-empresas","tag-muestra","tag-tecnicas","tag-uia"],"_links":{"self":[{"href":"https:\/\/www.visionweb.com.ar\/index.php?rest_route=\/wp\/v2\/posts\/8599","targetHints":{"allow":["GET"]}}],"collection":[{"href":"https:\/\/www.visionweb.com.ar\/index.php?rest_route=\/wp\/v2\/posts"}],"about":[{"href":"https:\/\/www.visionweb.com.ar\/index.php?rest_route=\/wp\/v2\/types\/post"}],"author":[{"embeddable":true,"href":"https:\/\/www.visionweb.com.ar\/index.php?rest_route=\/wp\/v2\/users\/3"}],"replies":[{"embeddable":true,"href":"https:\/\/www.visionweb.com.ar\/index.php?rest_route=%2Fwp%2Fv2%2Fcomments&post=8599"}],"version-history":[{"count":1,"href":"https:\/\/www.visionweb.com.ar\/index.php?rest_route=\/wp\/v2\/posts\/8599\/revisions"}],"predecessor-version":[{"id":8601,"href":"https:\/\/www.visionweb.com.ar\/index.php?rest_route=\/wp\/v2\/posts\/8599\/revisions\/8601"}],"wp:featuredmedia":[{"embeddable":true,"href":"https:\/\/www.visionweb.com.ar\/index.php?rest_route=\/wp\/v2\/media\/8600"}],"wp:attachment":[{"href":"https:\/\/www.visionweb.com.ar\/index.php?rest_route=%2Fwp%2Fv2%2Fmedia&parent=8599"}],"wp:term":[{"taxonomy":"category","embeddable":true,"href":"https:\/\/www.visionweb.com.ar\/index.php?rest_route=%2Fwp%2Fv2%2Fcategories&post=8599"},{"taxonomy":"post_tag","embeddable":true,"href":"https:\/\/www.visionweb.com.ar\/index.php?rest_route=%2Fwp%2Fv2%2Ftags&post=8599"}],"curies":[{"name":"wp","href":"https:\/\/api.w.org\/{rel}","templated":true}]}}