{"id":8580,"date":"2022-12-09T09:58:54","date_gmt":"2022-12-09T12:58:54","guid":{"rendered":"https:\/\/www.visionweb.com.ar\/?p=8580"},"modified":"2022-12-09T09:58:54","modified_gmt":"2022-12-09T12:58:54","slug":"fuerte-presencia-de-turistas-en-las-playas-del-atlantico","status":"publish","type":"post","link":"https:\/\/www.visionweb.com.ar\/?p=8580","title":{"rendered":"Fuerte presencia de turistas en las playas del Atl\u00e1ntico"},"content":{"rendered":"<p><strong><em>Con Mar del Plata a la cabeza ya se palpita una temporada veraniega sin precedentes. El fin de largo sirvi\u00f3 para hacer las reservas para los pr\u00f3ximos dos meses.\u00a0 \u00a0<\/em><\/strong> <!--more--><\/p>\n<p>&nbsp;<\/p>\n<div id=\"attachment_428\" style=\"width: 310px\" class=\"wp-caption alignright\"><img loading=\"lazy\" decoding=\"async\" aria-describedby=\"caption-attachment-428\" class=\"wp-image-428 size-medium\" src=\"https:\/\/www.visionweb.com.ar\/wp-content\/uploads\/2020\/11\/HABILITAN-EL-TURISMO-DE-VERANO-300x225.jpg\" alt=\"\" width=\"300\" height=\"225\" srcset=\"https:\/\/www.visionweb.com.ar\/wp-content\/uploads\/2020\/11\/HABILITAN-EL-TURISMO-DE-VERANO-300x225.jpg 300w, https:\/\/www.visionweb.com.ar\/wp-content\/uploads\/2020\/11\/HABILITAN-EL-TURISMO-DE-VERANO-768x576.jpg 768w, https:\/\/www.visionweb.com.ar\/wp-content\/uploads\/2020\/11\/HABILITAN-EL-TURISMO-DE-VERANO-320x240.jpg 320w, https:\/\/www.visionweb.com.ar\/wp-content\/uploads\/2020\/11\/HABILITAN-EL-TURISMO-DE-VERANO.jpg 800w\" sizes=\"auto, (max-width: 300px) 100vw, 300px\" \/><p id=\"caption-attachment-428\" class=\"wp-caption-text\"><em><strong>Mar del Sur, una de las playas m\u00e1s buscadas por quienes buscan tranquilidad (Foto VW)<\/strong><\/em>.<\/p><\/div>\n<p><strong>C<\/strong>on un clima que acompa\u00f1a, Mar del Plata y otros distritos costeros viven este fin de semana largo \u2013el \u00faltimo del a\u00f1o\u2013 un anticipo de lo que ser\u00e1 la temporada de verano con fuerte presencia de turistas.<\/p>\n<p>En las rutas, el movimiento comenz\u00f3 a sentirse el mi\u00e9rcoles por la tarde. Seg\u00fan datos de Autopistas Buenos Aires (Aubasa), por el peaje de Maip\u00fa, en la autov\u00eda 2, pasaron 3.790 usuarios entre las 16 y las 20.<\/p>\n<p>Ayer, el tr\u00e1nsito fue a\u00fan m\u00e1s intenso, con m\u00e1s de 1.000 autos por hora hacia la ciudad, ritmo que se mantuvo durante la ma\u00f1ana, el mediod\u00eda y la tarde. Durante las primeras horas, hubo inconvenientes para ingresar debido a una protesta de ambientalistas contra la exploraci\u00f3n petrolera en el acceso a Mar del Plata.<\/p>\n<p>En tanto, en el peaje La Huella de la ruta 11, Aubasa report\u00f3 el paso de m\u00e1s de 1.700 veh\u00edculos por hora en direcci\u00f3n a la Costa Atl\u00e1ntica.<\/p>\n<p>La Asociaci\u00f3n Empresaria Hotelera y Gastron\u00f3mica de Mar del Plata detall\u00f3 que las reservas superan el 80% para este fin de semana largo, con una estad\u00eda promedio de tres d\u00edas.<\/p>\n<p>Desde que comenz\u00f3 diciembre, Mar del Plata ofreci\u00f3 d\u00edas con intenso calor y las playas, naturalmente, comenzaron a estar fuertemente concurridas por los vecinos y ahora tambi\u00e9n por turistas. De norte a sur, la arena de las diferentes playas se llen\u00f3 de turistas y marplatenses.<\/p>\n<p>Ayer se registr\u00f3 una m\u00e1xima cercana a los de 35 \u00ba ,mientras que para hoy se anuncia una temperatura que rondar\u00e1 una m\u00e1xima de 36\u00b0, seg\u00fan los datos suministrados por el SMN.<\/p>\n<p>Las altas temperaturas se mantendr\u00edan tambi\u00e9n ma\u00f1ana, con una m\u00e1xima anunciada de 27 grados aunque con mayor nubosidad. Para el domingo se prev\u00e9n tormentas aisladas y chaparrones y un leve descenso en la temperatura, que llegar\u00eda a los 25 grados.<\/p>\n<p>Desde la Secretar\u00eda de Turismo de Villa Gesell, en tanto, informaron que las reservas llegaban al 77%, tras un relevamiento sobre 115 alojamientos de la ciudad cabecera del partido y de Mar de las Pampas, Las Gaviotas y Mar Azul.<\/p>\n<p>En tanto, en La Costa, las reservas eran del 88%; en Villa Gesell, del 78%; en Pinamar, del 80% y en Tandil, del 81%<strong>(VW)<\/strong>.<\/p>\n","protected":false},"excerpt":{"rendered":"<p>Con Mar del Plata a la cabeza ya se palpita una temporada veraniega sin precedentes. El fin de largo sirvi\u00f3 para hacer las reservas para los pr\u00f3ximos dos meses.\u00a0 \u00a0<\/p>\n","protected":false},"author":3,"featured_media":428,"comment_status":"closed","ping_status":"closed","sticky":false,"template":"","format":"standard","meta":{"_monsterinsights_skip_tracking":false,"_monsterinsights_sitenote_active":false,"_monsterinsights_sitenote_note":"","_monsterinsights_sitenote_category":0,"footnotes":""},"categories":[700],"tags":[3590,1041,1633,11],"class_list":["post-8580","post","type-post","status-publish","format-standard","has-post-thumbnail","hentry","category-turismo","tag-playas-atlanticas","tag-rutas","tag-temperaturas","tag-turistas"],"_links":{"self":[{"href":"https:\/\/www.visionweb.com.ar\/index.php?rest_route=\/wp\/v2\/posts\/8580","targetHints":{"allow":["GET"]}}],"collection":[{"href":"https:\/\/www.visionweb.com.ar\/index.php?rest_route=\/wp\/v2\/posts"}],"about":[{"href":"https:\/\/www.visionweb.com.ar\/index.php?rest_route=\/wp\/v2\/types\/post"}],"author":[{"embeddable":true,"href":"https:\/\/www.visionweb.com.ar\/index.php?rest_route=\/wp\/v2\/users\/3"}],"replies":[{"embeddable":true,"href":"https:\/\/www.visionweb.com.ar\/index.php?rest_route=%2Fwp%2Fv2%2Fcomments&post=8580"}],"version-history":[{"count":1,"href":"https:\/\/www.visionweb.com.ar\/index.php?rest_route=\/wp\/v2\/posts\/8580\/revisions"}],"predecessor-version":[{"id":8581,"href":"https:\/\/www.visionweb.com.ar\/index.php?rest_route=\/wp\/v2\/posts\/8580\/revisions\/8581"}],"wp:featuredmedia":[{"embeddable":true,"href":"https:\/\/www.visionweb.com.ar\/index.php?rest_route=\/wp\/v2\/media\/428"}],"wp:attachment":[{"href":"https:\/\/www.visionweb.com.ar\/index.php?rest_route=%2Fwp%2Fv2%2Fmedia&parent=8580"}],"wp:term":[{"taxonomy":"category","embeddable":true,"href":"https:\/\/www.visionweb.com.ar\/index.php?rest_route=%2Fwp%2Fv2%2Fcategories&post=8580"},{"taxonomy":"post_tag","embeddable":true,"href":"https:\/\/www.visionweb.com.ar\/index.php?rest_route=%2Fwp%2Fv2%2Ftags&post=8580"}],"curies":[{"name":"wp","href":"https:\/\/api.w.org\/{rel}","templated":true}]}}