{"id":8576,"date":"2022-12-09T09:56:24","date_gmt":"2022-12-09T12:56:24","guid":{"rendered":"https:\/\/www.visionweb.com.ar\/?p=8576"},"modified":"2022-12-08T22:44:27","modified_gmt":"2022-12-09T01:44:27","slug":"tratan-en-comision-proyectos-legislativo-que-posibilita-la-inclusion-de-personas-con-discapacidad-visual-y-auditiva","status":"publish","type":"post","link":"https:\/\/www.visionweb.com.ar\/?p=8576","title":{"rendered":"Tratan en Comisi\u00f3n proyectos legislativo que posibilita la inclusi\u00f3n de personas con discapacidad visual y auditiva"},"content":{"rendered":"<p><em><strong>Adem\u00e1s se vot\u00f3 favorablemente el proyecto de ley de la diputada D\u00e9bora Gal\u00e1n, que modifica art\u00edculos de la ley 13.804 sobre la creaci\u00f3n del Servicio de Atenci\u00f3n en la Lengua de Se\u00f1as Argentinas.<\/strong><\/em><!--more--><\/p>\n<div id=\"attachment_8577\" style=\"width: 310px\" class=\"wp-caption alignright\"><img loading=\"lazy\" decoding=\"async\" aria-describedby=\"caption-attachment-8577\" class=\"wp-image-8577 size-medium\" src=\"https:\/\/www.visionweb.com.ar\/wp-content\/uploads\/2022\/12\/DIPUTADOS-APRUEBAN-PROYECTOS-300x200.png\" alt=\"\" width=\"300\" height=\"200\" srcset=\"https:\/\/www.visionweb.com.ar\/wp-content\/uploads\/2022\/12\/DIPUTADOS-APRUEBAN-PROYECTOS-300x200.png 300w, https:\/\/www.visionweb.com.ar\/wp-content\/uploads\/2022\/12\/DIPUTADOS-APRUEBAN-PROYECTOS.png 640w\" sizes=\"auto, (max-width: 300px) 100vw, 300px\" \/><p id=\"caption-attachment-8577\" class=\"wp-caption-text\"><strong><em>Legisladores bonaerenses aprobaron proyecto de Se\u00f1al\u00e9tica con beneficio para quienes tienen limitaciones de visual (Foto: Prensa Diputados)<\/em><\/strong><\/p><\/div>\n<p><strong>\u00a0E<\/strong>n la \u00faltima reuni\u00f3n del a\u00f1o de la comisi\u00f3n de Asuntos de las Personas con Discapacidad,\u00a0 se aprob\u00f3 una iniciativa que tiene como objetivo lograr garantizar los derechos humanos y del consumidor de las personas con disminuci\u00f3n visual y ciegas.<\/p>\n<p>La iniciativa que se trat\u00f3 en la Comisi\u00f3n presidida por la legisladora Melisa Greco, establece normas para el uso de sistema braille en las g\u00f3ndolas, etiquetado de productos, se\u00f1al\u00e9tica y sitios web; promoviendo de este modo el acceso en igualdad de oportunidades de la personas con esas capacidades disminuidas.<\/p>\n<p>La propuesta, de la diputada Nora Salbitano, que modifica un art\u00edculo de ley 14756 que regula la exhibici\u00f3n de precios en comercios; tiene medidas de acci\u00f3n positiva que favorecen el consumo, la protecci\u00f3n de la salud, la seguridad e intereses, logrando la libertad de elecci\u00f3n y las condiciones de trato igualitario y digno, inform\u00f3 la HCD.<\/p>\n<p>En ese mismo orden, se vot\u00f3 favorablemente el proyecto de ley de la diputada D\u00e9bora Gal\u00e1n, que modifica art\u00edculos de la ley 13.804 sobre la creaci\u00f3n del Servicio de Atenci\u00f3n en la Lengua de Se\u00f1as Argentinas para personas sordas e hipoac\u00fasicas en los organismos P\u00fablicos Provinciales, respaldando as\u00ed la igualdad de oportunidades y trato.<\/p>\n<p>Por otra parte, la comisi\u00f3n de Educaci\u00f3n, avanz\u00f3 en\u00a0dos proyectos que se\u00a0unificaron; son los de Claudio Frangul\u00a0\u00a0y Carolina Barros Schelotto, que obtuvieron despacho favorable en la comisi\u00f3n\u00a0que preside Fernanda D\u00edaz.<\/p>\n<p>Les ni\u00f1es con alta capacidad intelectual (ACI) no son contenidos por el sistema educativo, y esto les genera un gran sufrimiento emocional. La incapacidad del sistema de reconocerlos los lleva a sentirse frustrados; por tal motivo el\u00a0objetivo de la iniciativa es establecer un marco regulatorio para la detecci\u00f3n y abordaje integral de ni\u00f1os y adolescentes tanto para el nivel inicial, como primario y secundario, y adem\u00e1s impulsar programas de capacitaci\u00f3n en altas capacidades intelectuales tanto para los docentes activos, como para los espacios de formaci\u00f3n docente.<\/p>\n<p>Este proyecto, lleva el nombre de \u201cLey Benjam\u00edn\u201d, y fue elaborada en conjunto con ONGs dedicadas a la tem\u00e1tica y la familia del ni\u00f1o platense de siete a\u00f1os que obtuvo un fallo del Juzgado de Garant\u00edas N\u00b0 1 del Departamento Judicial de La Plata para continuar sus estudios.<\/p>\n<p>En 2020, con tan solo cinco a\u00f1os, Benjam\u00edn hizo primero y segundo grado de manera virtual y aprob\u00f3 los niveles con puntaje excelente.<\/p>\n<p>En 2021, mientras cursaba el tercer grado, la Direcci\u00f3n de Escuelas bonaerense plante\u00f3 que deb\u00eda retroceder y volver a segundo.<\/p>\n<p>Sus padres llevaron el caso a la justicia. La sentencia del juez Atencio favorable a Benjam\u00edn, fue ratificada por la C\u00e1mara de Apelaci\u00f3n en lo Contencioso Administrativo. \u201cEl fallo judicial le permiti\u00f3 a Benjam\u00edn tener su proyecto pedag\u00f3gico individual y promover a cuarto grado<strong>(VW)<\/strong>.<\/p>\n<p>&nbsp;<\/p>\n","protected":false},"excerpt":{"rendered":"<p>Adem\u00e1s se vot\u00f3 favorablemente el proyecto de ley de la diputada D\u00e9bora Gal\u00e1n, que modifica art\u00edculos de la ley 13.804 sobre la creaci\u00f3n del Servicio de Atenci\u00f3n en la Lengua de Se\u00f1as Argentinas.<\/p>\n","protected":false},"author":3,"featured_media":8577,"comment_status":"closed","ping_status":"closed","sticky":false,"template":"","format":"standard","meta":{"_monsterinsights_skip_tracking":false,"_monsterinsights_sitenote_active":false,"_monsterinsights_sitenote_note":"","_monsterinsights_sitenote_category":0,"footnotes":""},"categories":[4],"tags":[143,3588,3475,3589],"class_list":["post-8576","post","type-post","status-publish","format-standard","has-post-thumbnail","hentry","category-politica","tag-diputados","tag-proyectos","tag-senaletica","tag-visual"],"_links":{"self":[{"href":"https:\/\/www.visionweb.com.ar\/index.php?rest_route=\/wp\/v2\/posts\/8576","targetHints":{"allow":["GET"]}}],"collection":[{"href":"https:\/\/www.visionweb.com.ar\/index.php?rest_route=\/wp\/v2\/posts"}],"about":[{"href":"https:\/\/www.visionweb.com.ar\/index.php?rest_route=\/wp\/v2\/types\/post"}],"author":[{"embeddable":true,"href":"https:\/\/www.visionweb.com.ar\/index.php?rest_route=\/wp\/v2\/users\/3"}],"replies":[{"embeddable":true,"href":"https:\/\/www.visionweb.com.ar\/index.php?rest_route=%2Fwp%2Fv2%2Fcomments&post=8576"}],"version-history":[{"count":2,"href":"https:\/\/www.visionweb.com.ar\/index.php?rest_route=\/wp\/v2\/posts\/8576\/revisions"}],"predecessor-version":[{"id":8579,"href":"https:\/\/www.visionweb.com.ar\/index.php?rest_route=\/wp\/v2\/posts\/8576\/revisions\/8579"}],"wp:featuredmedia":[{"embeddable":true,"href":"https:\/\/www.visionweb.com.ar\/index.php?rest_route=\/wp\/v2\/media\/8577"}],"wp:attachment":[{"href":"https:\/\/www.visionweb.com.ar\/index.php?rest_route=%2Fwp%2Fv2%2Fmedia&parent=8576"}],"wp:term":[{"taxonomy":"category","embeddable":true,"href":"https:\/\/www.visionweb.com.ar\/index.php?rest_route=%2Fwp%2Fv2%2Fcategories&post=8576"},{"taxonomy":"post_tag","embeddable":true,"href":"https:\/\/www.visionweb.com.ar\/index.php?rest_route=%2Fwp%2Fv2%2Ftags&post=8576"}],"curies":[{"name":"wp","href":"https:\/\/api.w.org\/{rel}","templated":true}]}}