{"id":8556,"date":"2022-12-08T10:03:41","date_gmt":"2022-12-08T13:03:41","guid":{"rendered":"https:\/\/www.visionweb.com.ar\/?p=8556"},"modified":"2022-12-08T10:03:41","modified_gmt":"2022-12-08T13:03:41","slug":"municipio-de-lanus-que-servicios-se-mantienen-operativos-durante-el-fin-de-semana-largo","status":"publish","type":"post","link":"https:\/\/www.visionweb.com.ar\/?p=8556","title":{"rendered":"Municipio de Lan\u00fas: Qu\u00e9 servicios se mantienen operativos durante el fin de semana largo"},"content":{"rendered":"<p><em><strong>Habr\u00e1 guardias en centros de salud. Permanecer\u00e1n activos Defensa Civil, parques y recolecci\u00f3n de residuos, entre otros.<\/strong><\/em><!--more--><\/p>\n<p><strong><img loading=\"lazy\" decoding=\"async\" class=\"size-medium wp-image-8558 aligncenter\" src=\"https:\/\/www.visionweb.com.ar\/wp-content\/uploads\/2022\/12\/lanus-feriado-300x210.jpg\" alt=\"\" width=\"300\" height=\"210\" srcset=\"https:\/\/www.visionweb.com.ar\/wp-content\/uploads\/2022\/12\/lanus-feriado-300x210.jpg 300w, https:\/\/www.visionweb.com.ar\/wp-content\/uploads\/2022\/12\/lanus-feriado.bmp 750w\" sizes=\"auto, (max-width: 300px) 100vw, 300px\" \/>E<\/strong>l Municipio de Lan\u00fas\u00a0inform\u00f3 <strong>c\u00f3mo funcionar\u00e1n los servicios en el distrito durante el fin de semana extra largo<\/strong><strong>\u00a0<\/strong>que comenz\u00f3 este jueves en el que se conmemora el D\u00eda de la Inmaculada Concepci\u00f3n de la Virgen, y se articula con el feriado puente de ma\u00f1ana viernes.<\/p>\n<p>En ese marco, las dependencias que <strong>estar\u00e1n abiertas son<\/strong>: el\u00a0<strong>cementerio municipal<\/strong><strong>\u00a0que <\/strong>abrir\u00e1 de 8 a 17, tanto jueves como viernes; y los\u00a0<strong>parques<\/strong><strong>\u00a0<\/strong>tambi\u00e9n permanecer\u00e1n activos.<\/p>\n<p>Tambi\u00e9n estar\u00e1 abierto el Museo de Arte Contempor\u00e1neo del Sur (<strong>MACSur<\/strong>).<\/p>\n<p>El <strong>Centro de Monitoreo y Defensa Civil<\/strong> funcionar\u00e1n con normalidad, al igual que la\u00a0<strong>recolecci\u00f3n de residuos<\/strong>\u00a0y las actividades deportivas.<\/p>\n<p>Habr\u00e1 <strong>guardias<\/strong> pasivas en Ni\u00f1ez, violencia de g\u00e9nero, violencia familiar y asistencia cr\u00edtica (4241-1000).<\/p>\n<p>Tambi\u00e9n funcionar\u00e1 la <strong>Guardia de los centros de salud<\/strong>, tales como las salas Luis M\u00e1spero, Dr. Nicol\u00e1s Natiello, 1\u00b0 de Mayo, Lan\u00fas Oeste, Miranda Norgreen, Villa Jard\u00edn, General San Mart\u00edn y Dr. Francisco Masevicius.<\/p>\n<p>El\u00a0<strong>Nodo sanitario Covid-19<\/strong>, ubicado en Pit\u00e1goras y Rondeau de Monte Chingolo, realizar\u00e1 hisopados de 8 a 14, conforme informaron desde el Municipio.<\/p>\n<p>Mientras que las dependencias que <strong>no estar\u00e1n funcionando<\/strong> son: la sede de licencias de conducir, el Centro de Atenci\u00f3n al Vecino (CAV), NIDO (N\u00facleo de Inclusi\u00f3n y Desarrollo de Oportunidades) Jard\u00edn y el de Monte Chingolo, y la Casa de la Cultura. <strong>(VW)<\/strong><\/p>\n<p>&nbsp;<\/p>\n","protected":false},"excerpt":{"rendered":"<p>Habr\u00e1 guardias en centros de salud. Permanecer\u00e1n activos Defensa Civil, parques y recolecci\u00f3n de residuos, entre otros.<\/p>\n","protected":false},"author":4,"featured_media":8558,"comment_status":"closed","ping_status":"closed","sticky":false,"template":"","format":"standard","meta":{"_monsterinsights_skip_tracking":false,"_monsterinsights_sitenote_active":false,"_monsterinsights_sitenote_note":"","_monsterinsights_sitenote_category":0,"footnotes":""},"categories":[3],"tags":[3578,1580,2824,3577],"class_list":["post-8556","post","type-post","status-publish","format-standard","has-post-thumbnail","hentry","category-actualidad","tag-8-de-diciembre","tag-guardias","tag-municipio-de-lanus","tag-servicios-activos-en-el-feriado"],"_links":{"self":[{"href":"https:\/\/www.visionweb.com.ar\/index.php?rest_route=\/wp\/v2\/posts\/8556","targetHints":{"allow":["GET"]}}],"collection":[{"href":"https:\/\/www.visionweb.com.ar\/index.php?rest_route=\/wp\/v2\/posts"}],"about":[{"href":"https:\/\/www.visionweb.com.ar\/index.php?rest_route=\/wp\/v2\/types\/post"}],"author":[{"embeddable":true,"href":"https:\/\/www.visionweb.com.ar\/index.php?rest_route=\/wp\/v2\/users\/4"}],"replies":[{"embeddable":true,"href":"https:\/\/www.visionweb.com.ar\/index.php?rest_route=%2Fwp%2Fv2%2Fcomments&post=8556"}],"version-history":[{"count":2,"href":"https:\/\/www.visionweb.com.ar\/index.php?rest_route=\/wp\/v2\/posts\/8556\/revisions"}],"predecessor-version":[{"id":8559,"href":"https:\/\/www.visionweb.com.ar\/index.php?rest_route=\/wp\/v2\/posts\/8556\/revisions\/8559"}],"wp:featuredmedia":[{"embeddable":true,"href":"https:\/\/www.visionweb.com.ar\/index.php?rest_route=\/wp\/v2\/media\/8558"}],"wp:attachment":[{"href":"https:\/\/www.visionweb.com.ar\/index.php?rest_route=%2Fwp%2Fv2%2Fmedia&parent=8556"}],"wp:term":[{"taxonomy":"category","embeddable":true,"href":"https:\/\/www.visionweb.com.ar\/index.php?rest_route=%2Fwp%2Fv2%2Fcategories&post=8556"},{"taxonomy":"post_tag","embeddable":true,"href":"https:\/\/www.visionweb.com.ar\/index.php?rest_route=%2Fwp%2Fv2%2Ftags&post=8556"}],"curies":[{"name":"wp","href":"https:\/\/api.w.org\/{rel}","templated":true}]}}