{"id":8547,"date":"2022-12-07T17:31:45","date_gmt":"2022-12-07T20:31:45","guid":{"rendered":"https:\/\/www.visionweb.com.ar\/?p=8547"},"modified":"2022-12-07T17:31:45","modified_gmt":"2022-12-07T20:31:45","slug":"miles-de-usuarios-sin-luz-en-el-amba-en-medio-de-la-ola-de-calor","status":"publish","type":"post","link":"https:\/\/www.visionweb.com.ar\/?p=8547","title":{"rendered":"Miles de usuarios sin luz en el AMBA, en medio de la ola de calor"},"content":{"rendered":"<p><em><strong>Mientras se mantiene vigente la alerta naranja por altas temperaturas, son 167 mil familias que permanecen afectadas por cortes de luz en el conurbano y CABA.<\/strong><\/em><!--more--><\/p>\n<div id=\"attachment_8549\" style=\"width: 310px\" class=\"wp-caption alignright\"><img loading=\"lazy\" decoding=\"async\" aria-describedby=\"caption-attachment-8549\" class=\"wp-image-8549 size-medium\" src=\"https:\/\/www.visionweb.com.ar\/wp-content\/uploads\/2022\/12\/cortes-de-luz-imagen-internet-300x224.jpg\" alt=\"\" width=\"300\" height=\"224\" srcset=\"https:\/\/www.visionweb.com.ar\/wp-content\/uploads\/2022\/12\/cortes-de-luz-imagen-internet-300x224.jpg 300w, https:\/\/www.visionweb.com.ar\/wp-content\/uploads\/2022\/12\/cortes-de-luz-imagen-internet-320x240.jpg 320w, https:\/\/www.visionweb.com.ar\/wp-content\/uploads\/2022\/12\/cortes-de-luz-imagen-internet.bmp 618w\" sizes=\"auto, (max-width: 300px) 100vw, 300px\" \/><p id=\"caption-attachment-8549\" class=\"wp-caption-text\">Siempre igual: Altas temperaturas se conjugan con los cortes de luz. Foto: internet<\/p><\/div>\n<p><strong> C<\/strong>on el alerta naranja latente, emitido por el SMN miles de<strong>\u00a0<\/strong><strong>familias del conurbano y de la Ciudad Aut\u00f3noma de Buenos Aires (CABA) permanecen sin luz<\/strong>, seg\u00fan se advierte en la actualizaci\u00f3n del mapa del\u00a0<strong>Ente Nacional Regulador de la Electricidad (ENRE).<\/strong><\/p>\n<p>Las interrupciones en el servicio de alta tensi\u00f3n afectan desde esta ma\u00f1ana a usuarios de Edenor que viven en localidades pertenecientes a Pilar, Escobar, Tigre, Jos\u00e9 C. Paz, Malvinas Argentinas, Merlo, La Matanza. En el caso de Edesur, alcanzaron a residentes de ciudades de Lan\u00fas, Avellaneda, Amirante Brown y Berazategui.<\/p>\n<p>A la vez, las l\u00edneas de baja tensi\u00f3n de ambas empresas presentaron fallas en localidades de CABA y de los partidos de Escobar, Pilar, Tigre, Vicente L\u00f3pez, San Mart\u00edn, 3 de Febrero, La Matanza, Lan\u00fas, Berazategui, Ezeiza, Quilmes, Almirante Brown, Avellaneda, entre otros.<\/p>\n<p>En total, la sumatoria de los cortes programados e imprevistos,<strong>\u00a0<\/strong><strong>son 1.260 las familias afectadas por la falta de suministro de Edenor y 7.359 por la de Edesur.<\/strong><\/p>\n<p>Mientras que ayer martes, Edesur registr\u00f3 104.272 cortes y Edenor 54.362, lo cual suma\u00a0<strong>m\u00e1s de 167.600 cortes en las \u00faltimas 48 horas<\/strong>.<\/p>\n<p><strong>Plan Verano:<\/strong> Cabe recordar que, con el objetivo de mejorar la calidad del servicio en la temporada de mayor demanda, la <strong>Subsecretar\u00eda de Energ\u00eda de la Provincia de Buenos Aires inici\u00f3 la implementaci\u00f3n del \u201cPrograma de Generaci\u00f3n El\u00e9ctrica Distribuida Temporal\u201d<\/strong> o \u201cPlan Verano\u201d.<\/p>\n<p>Seg\u00fan informaron desde el Ministerio de Infraestructura y Servicios P\u00fablicos, se trata de una medida que<strong>\u00a0<\/strong><strong>reforzar\u00e1 la generaci\u00f3n el\u00e9ctrica distribuida en los puntos cr\u00edticos del territorio bonaerense<\/strong>.<\/p>\n<p>Para llevar a cabo la iniciativa, la Direcci\u00f3n Provincial de Energ\u00eda (DPE) solicit\u00f3 a la concesionaria del servicio de Transporte de Energ\u00eda El\u00e9ctrica por distribuci\u00f3n troncal en la Provincia de Buenos Aires (Transba) estudios de cargabilidad de las redes de Alta Tensi\u00f3n para analizar y prever el mapa de nodos cr\u00edticos.<\/p>\n<p>De esa lectura, se definieron hasta el momento\u00a0<strong>algunos de los puntos de posible d\u00e9ficit de potencia para colocar Unidades de Generaci\u00f3n Temporales: <\/strong>San Antonio de Areco,\u00a0Carmen de Areco, Capit\u00e1n Sarmiento, Nueve de Julio, Bragado, Pehuaj\u00f3, Carlos Casares, Bragado, General Viamonte, Chivilcoy, 25 de Mayo, Mercedes, Navarro, Chacabuco y Pergamino. <strong>(VW)<\/strong><\/p>\n<p>&nbsp;<\/p>\n<p>&nbsp;<\/p>\n","protected":false},"excerpt":{"rendered":"<p>Mientras se mantiene vigente la alerta naranja por altas temperaturas, son 167 mil familias que permanecen afectadas por cortes de luz en el conurbano y CABA.<\/p>\n","protected":false},"author":4,"featured_media":8549,"comment_status":"closed","ping_status":"closed","sticky":false,"template":"","format":"standard","meta":{"_monsterinsights_skip_tracking":false,"_monsterinsights_sitenote_active":false,"_monsterinsights_sitenote_note":"","_monsterinsights_sitenote_category":0,"footnotes":""},"categories":[3],"tags":[196,1600,3573,952,1627],"class_list":["post-8547","post","type-post","status-publish","format-standard","has-post-thumbnail","hentry","category-actualidad","tag-amba","tag-cortes-de-luz","tag-edesur-edenor","tag-enre","tag-ola-de-calor"],"_links":{"self":[{"href":"https:\/\/www.visionweb.com.ar\/index.php?rest_route=\/wp\/v2\/posts\/8547","targetHints":{"allow":["GET"]}}],"collection":[{"href":"https:\/\/www.visionweb.com.ar\/index.php?rest_route=\/wp\/v2\/posts"}],"about":[{"href":"https:\/\/www.visionweb.com.ar\/index.php?rest_route=\/wp\/v2\/types\/post"}],"author":[{"embeddable":true,"href":"https:\/\/www.visionweb.com.ar\/index.php?rest_route=\/wp\/v2\/users\/4"}],"replies":[{"embeddable":true,"href":"https:\/\/www.visionweb.com.ar\/index.php?rest_route=%2Fwp%2Fv2%2Fcomments&post=8547"}],"version-history":[{"count":2,"href":"https:\/\/www.visionweb.com.ar\/index.php?rest_route=\/wp\/v2\/posts\/8547\/revisions"}],"predecessor-version":[{"id":8550,"href":"https:\/\/www.visionweb.com.ar\/index.php?rest_route=\/wp\/v2\/posts\/8547\/revisions\/8550"}],"wp:featuredmedia":[{"embeddable":true,"href":"https:\/\/www.visionweb.com.ar\/index.php?rest_route=\/wp\/v2\/media\/8549"}],"wp:attachment":[{"href":"https:\/\/www.visionweb.com.ar\/index.php?rest_route=%2Fwp%2Fv2%2Fmedia&parent=8547"}],"wp:term":[{"taxonomy":"category","embeddable":true,"href":"https:\/\/www.visionweb.com.ar\/index.php?rest_route=%2Fwp%2Fv2%2Fcategories&post=8547"},{"taxonomy":"post_tag","embeddable":true,"href":"https:\/\/www.visionweb.com.ar\/index.php?rest_route=%2Fwp%2Fv2%2Ftags&post=8547"}],"curies":[{"name":"wp","href":"https:\/\/api.w.org\/{rel}","templated":true}]}}