{"id":8543,"date":"2022-12-07T16:49:45","date_gmt":"2022-12-07T19:49:45","guid":{"rendered":"https:\/\/www.visionweb.com.ar\/?p=8543"},"modified":"2022-12-07T16:49:45","modified_gmt":"2022-12-07T19:49:45","slug":"alerta-naranja-en-gran-buenos-aires-y-caba-por-las-altas-temperaturas","status":"publish","type":"post","link":"https:\/\/www.visionweb.com.ar\/?p=8543","title":{"rendered":"Alerta naranja en Gran Buenos Aires y CABA por las altas temperaturas"},"content":{"rendered":"<p><em><strong>Se esperan m\u00e1ximas de 37\u00ba en el sur del conurbano, seg\u00fan lo indica el Servicio Meteorol\u00f3gico Nacional. A cuidarse: Las altas temperaturas pueden ser muy peligrosas,\u00a0especialmente para los grupos de riesgo.<\/strong><\/em><!--more--><\/p>\n<div id=\"attachment_8545\" style=\"width: 310px\" class=\"wp-caption alignleft\"><img loading=\"lazy\" decoding=\"async\" aria-describedby=\"caption-attachment-8545\" class=\"wp-image-8545 size-medium\" src=\"https:\/\/www.visionweb.com.ar\/wp-content\/uploads\/2022\/12\/alerta-calor-smn-300x212.jpg\" alt=\"\" width=\"300\" height=\"212\" srcset=\"https:\/\/www.visionweb.com.ar\/wp-content\/uploads\/2022\/12\/alerta-calor-smn-300x212.jpg 300w, https:\/\/www.visionweb.com.ar\/wp-content\/uploads\/2022\/12\/alerta-calor-smn.bmp 620w\" sizes=\"auto, (max-width: 300px) 100vw, 300px\" \/><p id=\"caption-attachment-8545\" class=\"wp-caption-text\">Indicador de niveles por temperaturas del SMN<\/p><\/div>\n<p><strong>D<\/strong>e acuerdo a lo indicado por el Servicio Meteorol\u00f3gico Nacional (SMN),\u00a0la temperatura alcanzar\u00e1 los 36 grados este mi\u00e9rcoles y\u00a0 continuar\u00e1 ma\u00f1ana en ascenso.\u00a0Las elevadas temperaturas no s\u00f3lo no ceden sino que siguen en aumento.\u00a0La marca t\u00e9rmica alcanza los 36 grados este mi\u00e9rcoles, antesala de un fin de semana extra largo muy caluroso.<\/p>\n<p>A principios de la semana, el Servicio Meteorol\u00f3gico activ\u00f3 el alerta amarillo pero el alerta ya pas\u00f3 al color naranja, debido a los aumentos de temperaturas.<\/p>\n<p>Aunque para el viernes se espera un leve descenso se mantiene el nivel en un rango muy alto de 35 grados. Se esperan lluvias para la noche.<\/p>\n<p>El <strong>alerta naranja<\/strong> afecta a los partidos de Almirante Brown, Avellaneda, Esteban Echeverr\u00eda, Ezeiza, Lan\u00fas, Lomas de Zamora, Presidente Per\u00f3n y San Vicente, entre muchos otros. Profesionales de la salud recomiendan tomar algunos recaudos para evitar un golpe de calor.<\/p>\n<p>El alerta tambi\u00e9n est\u00e1 vigente en otras 7 provincias: La Rioja, el norte de San Luis, Catamarca, este de Mendoza, noroeste de San Juan, centro de C\u00f3rdoba y sur de Jujuy.<\/p>\n<p><strong>Golpe de Calor:<\/strong> Es fundamental tener una hidrataci\u00f3n adecuada, alimentaci\u00f3n hipocal\u00f3rica, buscar lugares frescos, con espacios verdes, y evitar horarios donde el sol es m\u00e1s fuerte.<\/p>\n<p>A la vez, se aconseja usar ropa clara y fresca, gorras o sombreros frescos, y anteojos de sol a la hora de transitar por el sol,\u00a0<strong>evitar las horas de mayor calor para realizar actividad f\u00edsica o exposici\u00f3n al sol<\/strong>\u00a0(de 11 a 16 horas).<\/p>\n<p>Los especialistas recomiendan permanecer en espacios y ambientes ventilados, ducharse a diario con agua templada para reducir el calor corporal y remover la sudoraci\u00f3n y, en caso de ser necesario, consultar con su m\u00e9dico sobre el consumo de l\u00edquidos adicionales o de medicamentos cr\u00f3nicos o nuevos.<\/p>\n<p>Asimismo, advierten que\u00a0<strong>los grupos de riesgo m\u00e1s propensos a sufrir golpes de calor: son los ancianos y los ni\u00f1os<\/strong>. Con respecto a los beb\u00e9s, los s\u00edntomas de la deshidrataci\u00f3n son: suelen estar tranquilos, con una baja en su actividad normal, tienden a quedarse dormidos, pierden la iniciativa, o tienden a no comer ni llorar. <strong>(VW)<\/strong><\/p>\n<p>&nbsp;<\/p>\n","protected":false},"excerpt":{"rendered":"<p>Se esperan m\u00e1ximas de 37\u00ba en el sur del conurbano, seg\u00fan lo indica el Servicio Meteorol\u00f3gico Nacional. A cuidarse: Las altas temperaturas pueden ser muy peligrosas,\u00a0especialmente para los grupos de riesgo.<\/p>\n","protected":false},"author":4,"featured_media":8545,"comment_status":"closed","ping_status":"closed","sticky":false,"template":"","format":"standard","meta":{"_monsterinsights_skip_tracking":false,"_monsterinsights_sitenote_active":false,"_monsterinsights_sitenote_note":"","_monsterinsights_sitenote_category":0,"footnotes":""},"categories":[8],"tags":[3571,3572,1627,1629],"class_list":["post-8543","post","type-post","status-publish","format-standard","has-post-thumbnail","hentry","category-interes-general","tag-alerta-naranja","tag-altas-temperaturas","tag-ola-de-calor","tag-smn"],"_links":{"self":[{"href":"https:\/\/www.visionweb.com.ar\/index.php?rest_route=\/wp\/v2\/posts\/8543","targetHints":{"allow":["GET"]}}],"collection":[{"href":"https:\/\/www.visionweb.com.ar\/index.php?rest_route=\/wp\/v2\/posts"}],"about":[{"href":"https:\/\/www.visionweb.com.ar\/index.php?rest_route=\/wp\/v2\/types\/post"}],"author":[{"embeddable":true,"href":"https:\/\/www.visionweb.com.ar\/index.php?rest_route=\/wp\/v2\/users\/4"}],"replies":[{"embeddable":true,"href":"https:\/\/www.visionweb.com.ar\/index.php?rest_route=%2Fwp%2Fv2%2Fcomments&post=8543"}],"version-history":[{"count":2,"href":"https:\/\/www.visionweb.com.ar\/index.php?rest_route=\/wp\/v2\/posts\/8543\/revisions"}],"predecessor-version":[{"id":8546,"href":"https:\/\/www.visionweb.com.ar\/index.php?rest_route=\/wp\/v2\/posts\/8543\/revisions\/8546"}],"wp:featuredmedia":[{"embeddable":true,"href":"https:\/\/www.visionweb.com.ar\/index.php?rest_route=\/wp\/v2\/media\/8545"}],"wp:attachment":[{"href":"https:\/\/www.visionweb.com.ar\/index.php?rest_route=%2Fwp%2Fv2%2Fmedia&parent=8543"}],"wp:term":[{"taxonomy":"category","embeddable":true,"href":"https:\/\/www.visionweb.com.ar\/index.php?rest_route=%2Fwp%2Fv2%2Fcategories&post=8543"},{"taxonomy":"post_tag","embeddable":true,"href":"https:\/\/www.visionweb.com.ar\/index.php?rest_route=%2Fwp%2Fv2%2Ftags&post=8543"}],"curies":[{"name":"wp","href":"https:\/\/api.w.org\/{rel}","templated":true}]}}