{"id":8530,"date":"2022-12-07T07:53:55","date_gmt":"2022-12-07T10:53:55","guid":{"rendered":"https:\/\/www.visionweb.com.ar\/?p=8530"},"modified":"2022-12-06T22:09:31","modified_gmt":"2022-12-07T01:09:31","slug":"el-estado-bonaerense-declaro-la-emergencia-agropecuaria-para-33-partidos","status":"publish","type":"post","link":"https:\/\/www.visionweb.com.ar\/?p=8530","title":{"rendered":"El estado bonaerense declar\u00f3 la emergencia agropecuaria para 33 partidos"},"content":{"rendered":"<p><em><strong>Es por la sequ\u00eda. Seg\u00fan establece la ley, los productores y productoras que tengan afectado entre el 50% y el 79% de su producci\u00f3n o capacidad de producci\u00f3n, ser\u00e1n considerados en estado de Emergencia Agropecuaria.<\/strong><\/em><\/p>\n<p><!--more--><\/p>\n<div>\n<div id=\"attachment_8531\" style=\"width: 310px\" class=\"wp-caption alignright\"><img loading=\"lazy\" decoding=\"async\" aria-describedby=\"caption-attachment-8531\" class=\"wp-image-8531 size-medium\" src=\"https:\/\/www.visionweb.com.ar\/wp-content\/uploads\/2022\/12\/EMERGENCIA-AGROPECUARIA-300x168.png\" alt=\"\" width=\"300\" height=\"168\" srcset=\"https:\/\/www.visionweb.com.ar\/wp-content\/uploads\/2022\/12\/EMERGENCIA-AGROPECUARIA-300x168.png 300w, https:\/\/www.visionweb.com.ar\/wp-content\/uploads\/2022\/12\/EMERGENCIA-AGROPECUARIA.png 640w\" sizes=\"auto, (max-width: 300px) 100vw, 300px\" \/><p id=\"caption-attachment-8531\" class=\"wp-caption-text\"><em>Son 33 los municipios declarados en emergencia agropecuaria por la sequ\u00eda (Foto: INTA)<\/em><\/p><\/div>\n<p><strong>E<\/strong>l gobierno bonaerense declar\u00f3, este lunes, el estado de Emergencia y\/o Desastre Agropecuario por sequ\u00eda para 33 municipios bonaerenses.<\/div>\n<div><\/div>\n<div>La medida se concret\u00f3 con la firma del decreto 1943\/22, por parte del gobernador Axel Kicillof, tras la recomendaci\u00f3n realizada por la CEDABA (Comisi\u00f3n de Emergencia y Desastre Agropecuario), a mediados de este mes.<\/div>\n<div><\/div>\n<div>La resoluci\u00f3n comprende el per\u00edodo entre el 01\/7\/2022 al 31\/12\/2022 para los partidos de Luj\u00e1n, General Paz, Ayacucho, General Villegas, Maip\u00fa, Lincoln, Baradero, General Arenales, Roque P\u00e9rez, San Nicol\u00e1s, San Andr\u00e9s de Giles, Mercedes, Rauch, Exaltaci\u00f3n de la Cruz, Carmen de Areco, Capit\u00e1n Sarmiento y General Guido. En tanto, para las Circunscripciones II, III, IV, X, XI y XII del partido de Tandil.<\/div>\n<div><\/div>\n<div>La norma legal beneficia tambi\u00e9n a los partidos de Bragado, Monte, Punta Indio, Chivilcoy, Brandsen, General Viamonte, Chacabuco, Navarro y Colon, abarca del 01\/10\/2022 al 31\/12\/2022.<\/div>\n<div><\/div>\n<div>Por \u00faltimo, va del 01\/06\/2022 al 31\/10\/2022 en el caso de Pergamino; del 01\/07\/2022 al 31\/10\/2022 para General La Madrid, Carlos Tejedor, y las Circunscripciones II, VI, VII, VIII, IX, X, XI Y XII de Laprida; y del 01\/07\/2022 al 30\/11\/2022 para General Rodr\u00edguez. Adem\u00e1s, se prorrog\u00f3 el estado de Emergencia y\/o Desastre Agropecuario por sequ\u00eda del partido de Tordillo por el per\u00edodo entre el 01\/07\/2022 al 31\/12\/2022.<\/div>\n<div><\/div>\n<div><strong>Beneficios<\/strong><\/div>\n<div><\/div>\n<div>Seg\u00fan establece la ley, los productores y productoras que tengan afectado entre el 50% y el 79% de su producci\u00f3n o capacidad de producci\u00f3n, ser\u00e1n considerados en estado de Emergencia Agropecuaria y se les otorgar\u00e1 una pr\u00f3rroga del pago del impuesto Inmobiliario Rural, correspondiente al inmueble destinado al desarrollo de la actividad agropecuaria.<\/div>\n<div><\/div>\n<div>En tanto, quienes hayan sufrido una afectaci\u00f3n de entre el 80% y 100% de su producci\u00f3n o capacidad de producci\u00f3n entran en la categor\u00eda de Desastre Agropecuario y ser\u00e1n eximidos del pago del impuesto rural, en proporci\u00f3n al porcentaje de la afectaci\u00f3n de la explotaci\u00f3n.<\/div>\n<div><\/div>\n<div>La resoluci\u00f3n lleva las firmas del ministro de Desarrollo Agrario(MDA), Javier Rodr\u00edguez, de su par de Hacienda y Finanzas, Pablo L\u00f3pez, y del Jefe de Gabinete de ministros, Mart\u00edn Insaurralde.<\/div>\n<div><\/div>\n<div>Adem\u00e1s de esta declaraci\u00f3n, la Provincia cuenta con distintas l\u00edneas de financiamiento para peque\u00f1os y medianos productores alcanzados por la emergencia clim\u00e1tica.<\/div>\n<div><\/div>\n<div>El MDA ofrece un Aporte no Reintegrable para la Agricultura Familiar ante eventos clim\u00e1ticos adversos que otorga montos de hasta $200.000, destinados a la recomposici\u00f3n de la infraestructura da\u00f1ada, la adquisici\u00f3n de insumos productivos para reiniciar el ciclo de producci\u00f3n y la reposici\u00f3n de animales muertos o afectados.<\/div>\n<div><\/div>\n<div>Tambi\u00e9n cuenta con una L\u00ednea de Financiamiento ante eventos clim\u00e1ticos extremos con montos de hasta $1.500.000 y tasa del 35% para el reinicio del ciclo productivo, y otra de Financiamiento para Prevenci\u00f3n y Mitigaci\u00f3n de Emergencias<strong>(VW)<\/strong>.<\/div>\n<p>&nbsp;<\/p>\n","protected":false},"excerpt":{"rendered":"<p>Es por la sequ\u00eda. Seg\u00fan establece la ley, los productores y productoras que tengan afectado entre el 50% y el 79% de su producci\u00f3n o capacidad de producci\u00f3n, ser\u00e1n considerados en estado de Emergencia&#46;&#46;&#46;<\/p>\n","protected":false},"author":3,"featured_media":8531,"comment_status":"closed","ping_status":"closed","sticky":false,"template":"","format":"standard","meta":{"_monsterinsights_skip_tracking":false,"_monsterinsights_sitenote_active":false,"_monsterinsights_sitenote_note":"","_monsterinsights_sitenote_category":0,"footnotes":""},"categories":[3],"tags":[3568,397,1637],"class_list":["post-8530","post","type-post","status-publish","format-standard","has-post-thumbnail","hentry","category-actualidad","tag-agricultura","tag-emergencia","tag-sequia"],"_links":{"self":[{"href":"https:\/\/www.visionweb.com.ar\/index.php?rest_route=\/wp\/v2\/posts\/8530","targetHints":{"allow":["GET"]}}],"collection":[{"href":"https:\/\/www.visionweb.com.ar\/index.php?rest_route=\/wp\/v2\/posts"}],"about":[{"href":"https:\/\/www.visionweb.com.ar\/index.php?rest_route=\/wp\/v2\/types\/post"}],"author":[{"embeddable":true,"href":"https:\/\/www.visionweb.com.ar\/index.php?rest_route=\/wp\/v2\/users\/3"}],"replies":[{"embeddable":true,"href":"https:\/\/www.visionweb.com.ar\/index.php?rest_route=%2Fwp%2Fv2%2Fcomments&post=8530"}],"version-history":[{"count":1,"href":"https:\/\/www.visionweb.com.ar\/index.php?rest_route=\/wp\/v2\/posts\/8530\/revisions"}],"predecessor-version":[{"id":8532,"href":"https:\/\/www.visionweb.com.ar\/index.php?rest_route=\/wp\/v2\/posts\/8530\/revisions\/8532"}],"wp:featuredmedia":[{"embeddable":true,"href":"https:\/\/www.visionweb.com.ar\/index.php?rest_route=\/wp\/v2\/media\/8531"}],"wp:attachment":[{"href":"https:\/\/www.visionweb.com.ar\/index.php?rest_route=%2Fwp%2Fv2%2Fmedia&parent=8530"}],"wp:term":[{"taxonomy":"category","embeddable":true,"href":"https:\/\/www.visionweb.com.ar\/index.php?rest_route=%2Fwp%2Fv2%2Fcategories&post=8530"},{"taxonomy":"post_tag","embeddable":true,"href":"https:\/\/www.visionweb.com.ar\/index.php?rest_route=%2Fwp%2Fv2%2Ftags&post=8530"}],"curies":[{"name":"wp","href":"https:\/\/api.w.org\/{rel}","templated":true}]}}