{"id":8526,"date":"2022-12-06T14:43:24","date_gmt":"2022-12-06T17:43:24","guid":{"rendered":"https:\/\/www.visionweb.com.ar\/?p=8526"},"modified":"2022-12-06T14:43:24","modified_gmt":"2022-12-06T17:43:24","slug":"provincia-la-defensoria-del-pueblo-lanzo-campana-contra-la-pirotecnia-sonora","status":"publish","type":"post","link":"https:\/\/www.visionweb.com.ar\/?p=8526","title":{"rendered":"Provincia: La Defensor\u00eda del Pueblo lanz\u00f3 campa\u00f1a contra la pirotecnia sonora"},"content":{"rendered":"<p><em><strong>Con el nombre \u00abM\u00e1s luces, menos ruido\u00bb, el objetivo es concientizar a toda la sociedad de los efectos que produce la pirotecnia sonora en diversos grupos de la poblaci\u00f3n.<\/strong><\/em><!--more--><\/p>\n<p><strong>\u00a0\u00a0\u00a0\u00a0\u00a0\u00a0\u00a0\u00a0 <img loading=\"lazy\" decoding=\"async\" class=\"size-medium wp-image-8528 aligncenter\" src=\"https:\/\/www.visionweb.com.ar\/wp-content\/uploads\/2022\/12\/mas-luces-menos-rruido-300x293.jpg\" alt=\"\" width=\"300\" height=\"293\" srcset=\"https:\/\/www.visionweb.com.ar\/wp-content\/uploads\/2022\/12\/mas-luces-menos-rruido-300x293.jpg 300w, https:\/\/www.visionweb.com.ar\/wp-content\/uploads\/2022\/12\/mas-luces-menos-rruido.jpg 633w\" sizes=\"auto, (max-width: 300px) 100vw, 300px\" \/>\u00a0\u00a0 \u00a0\u00a0\u00a0<\/strong><strong>L<\/strong>a Defensor\u00eda del Pueblo de la provincia de Buenos Aires se sum\u00f3 a la<strong> campa\u00f1a \u201cM\u00e1s luces, menos ruido\u201d<\/strong>, una iniciativa de organizaciones que nuclean a personas neurodivergentes que tiene como fin reducir el impacto negativo de los fuegos artificiales y estruendos, y <strong>concientizar a toda la sociedad de los efectos que produce la pirotecnia sonora en diversos grupos de la poblaci\u00f3n.<\/strong><\/p>\n<p>En ese sentido, el Defensor del Pueblo, Guido Lorenzino, dijo que \u201clos da\u00f1os que provoca la pirotecnia en la salud de las personas, sobre todo las m\u00e1s vulnerables, como as\u00ed tambi\u00e9n en las mascotas y el ambiente, nos obligan a tomar todas las <strong>medidas para evitar que se siga usando esta pr\u00e1ctica que ya no divierte, sino que lastima<\/strong>\u201d.<\/p>\n<p>La campa\u00f1a surgi\u00f3 luego del encuentro del Defensor del Pueblo con <strong>Ian Moche<\/strong>, el ni\u00f1o autista que es influencer y activista por los derechos de las personas neurodivergentes, para llevar adelante proyectos contra el uso de la pirotecnia y la promoci\u00f3n de los derechos de las personas con autismo.<\/p>\n<p>Adem\u00e1s, la iniciativa sigue la l\u00ednea de acci\u00f3n de la Defensor\u00eda, que con la propuesta \u201cPirotecnia Cero\u201d lanzada hace unos a\u00f1os busc\u00f3 que los municipios que todav\u00eda no lo hicieron elaboren y aprueben ordenanzas que limiten el uso y la venta de fuegos de artificio, de uso muy popular en el per\u00edodo de las fiestas.<\/p>\n<p>Cabe destacar que el <strong>proyecto de ley \u201cPirotecnia Cero\u201d<\/strong>, que proh\u00edbe la venta y el uso recreativo de art\u00edculos de artefactos de alto impacto sonoro, ya obtuvo la sanci\u00f3n del Senado y <strong>espera poder ser tratada en la C\u00e1mara de Diputados provincial<\/strong> para tener impacto en todo el territorio bonaerense.<\/p>\n<p>La campa\u00f1a \u201cM\u00e1s luces, menos ruido\u201d, a la que tambi\u00e9n se suman las 56 delegaciones que la Defensor\u00eda tiene en todo el territorio provincial, cuenta con el acompa\u00f1amiento de organizaciones como Hacer Puentes, @ianmoche, Empujando L\u00edmites, la Escuela de Taekwondo Esp\u00edritu Indomable, La Asociaci\u00f3n de Padres de Autistas Familias de La Plata, Berisso y Ensenada, CIENN, Alma M\u00eda Equinoterapia La Plata, y 85 La banda SVS. <strong>(VW)<\/strong><\/p>\n<p>&nbsp;<\/p>\n","protected":false},"excerpt":{"rendered":"<p>Con el nombre \u00abM\u00e1s luces, menos ruido\u00bb, el objetivo es concientizar a toda la sociedad de los efectos que produce la pirotecnia sonora en diversos grupos de la poblaci\u00f3n.<\/p>\n","protected":false},"author":4,"featured_media":8528,"comment_status":"closed","ping_status":"closed","sticky":false,"template":"","format":"standard","meta":{"_monsterinsights_skip_tracking":false,"_monsterinsights_sitenote_active":false,"_monsterinsights_sitenote_note":"","_monsterinsights_sitenote_category":0,"footnotes":""},"categories":[8,5],"tags":[3565,3566,3567,3563,3564],"class_list":["post-8526","post","type-post","status-publish","format-standard","has-post-thumbnail","hentry","category-interes-general","category-sociedad","tag-campana-defensoria-del-pueblo-bonaerense","tag-guido-lorenzino","tag-ian-moche","tag-mas-uces","tag-menos-ruido"],"_links":{"self":[{"href":"https:\/\/www.visionweb.com.ar\/index.php?rest_route=\/wp\/v2\/posts\/8526","targetHints":{"allow":["GET"]}}],"collection":[{"href":"https:\/\/www.visionweb.com.ar\/index.php?rest_route=\/wp\/v2\/posts"}],"about":[{"href":"https:\/\/www.visionweb.com.ar\/index.php?rest_route=\/wp\/v2\/types\/post"}],"author":[{"embeddable":true,"href":"https:\/\/www.visionweb.com.ar\/index.php?rest_route=\/wp\/v2\/users\/4"}],"replies":[{"embeddable":true,"href":"https:\/\/www.visionweb.com.ar\/index.php?rest_route=%2Fwp%2Fv2%2Fcomments&post=8526"}],"version-history":[{"count":2,"href":"https:\/\/www.visionweb.com.ar\/index.php?rest_route=\/wp\/v2\/posts\/8526\/revisions"}],"predecessor-version":[{"id":8529,"href":"https:\/\/www.visionweb.com.ar\/index.php?rest_route=\/wp\/v2\/posts\/8526\/revisions\/8529"}],"wp:featuredmedia":[{"embeddable":true,"href":"https:\/\/www.visionweb.com.ar\/index.php?rest_route=\/wp\/v2\/media\/8528"}],"wp:attachment":[{"href":"https:\/\/www.visionweb.com.ar\/index.php?rest_route=%2Fwp%2Fv2%2Fmedia&parent=8526"}],"wp:term":[{"taxonomy":"category","embeddable":true,"href":"https:\/\/www.visionweb.com.ar\/index.php?rest_route=%2Fwp%2Fv2%2Fcategories&post=8526"},{"taxonomy":"post_tag","embeddable":true,"href":"https:\/\/www.visionweb.com.ar\/index.php?rest_route=%2Fwp%2Fv2%2Ftags&post=8526"}],"curies":[{"name":"wp","href":"https:\/\/api.w.org\/{rel}","templated":true}]}}