{"id":8518,"date":"2022-12-06T10:49:50","date_gmt":"2022-12-06T13:49:50","guid":{"rendered":"https:\/\/www.visionweb.com.ar\/?p=8518"},"modified":"2022-12-06T10:50:45","modified_gmt":"2022-12-06T13:50:45","slug":"informe-uca-2022-mas-del-43-de-los-argentinos-son-pobres","status":"publish","type":"post","link":"https:\/\/www.visionweb.com.ar\/?p=8518","title":{"rendered":"Informe UCA 2022: M\u00e1s del 43% de los argentinos son pobres"},"content":{"rendered":"<p><em><strong>Sin subsidios del Estado llegar\u00eda al 50%.\u00a0Son cerca de 17 millones los argentinos pobres de acuerdo al \u00faltimo informe del Observatorio de la Deuda Social de la Universidad Cat\u00f3lica Argentina.<\/strong><\/em><!--more--><\/p>\n<p><strong>\u00a0 \u00a0 <img loading=\"lazy\" decoding=\"async\" class=\"size-medium wp-image-8056 alignleft\" src=\"https:\/\/www.visionweb.com.ar\/wp-content\/uploads\/2022\/11\/pobreza-300x223.jpg\" alt=\"\" width=\"300\" height=\"223\" srcset=\"https:\/\/www.visionweb.com.ar\/wp-content\/uploads\/2022\/11\/pobreza-300x223.jpg 300w, https:\/\/www.visionweb.com.ar\/wp-content\/uploads\/2022\/11\/pobreza.bmp 721w\" sizes=\"auto, (max-width: 300px) 100vw, 300px\" \/> U<\/strong>nos 17 millones de argentinos son pobres, cifra que representa el 43,1% de la poblaci\u00f3n argentina, de acuerdo a los datos publicados por el Observatorio de la Deuda Social de Universidad Cat\u00f3lica Argentina (UCA).<\/p>\n<p>El otro dato preocupante que aport\u00f3 el Observatorio es la tasa de indigencia que <strong>se ubic\u00f3 en 8,1%,\u00a0<\/strong>de modo que afecta a 8,5 millones de personas. El trabajo subray\u00f3 que, en los \u00faltimos 10 a\u00f1os,la pobreza creci\u00f3 15 puntos porcentuales.<\/p>\n<p>En esa l\u00ednea, describi\u00f3 que los nuevos pobres son \u201cclases trabajadoras de sectores medios y populares, vulnerables a las crisis, a la falta de trabajo y a la inflaci\u00f3n. Mientras tanto, los pobres estructurales logran protegerse reproduciendo una econom\u00eda informal de subsistencia, que nos los saca de la pobreza, pero al menos la alivia\u201d, consign\u00f3 el ODS de la UCA.<\/p>\n<p>Un dato llamativo del informe indica que, en caso de no existir las asistencias sociales que dispone el Estado, la pobreza afectar\u00eda al 50% de la poblaci\u00f3n y la indigencia llegar\u00eda al 20%. En esa l\u00ednea precis\u00f3 que el 40% de los hogares donde vive el 50% de la poblaci\u00f3n fue asistido por alg\u00fan programa oficial o complementario.<\/p>\n<p>Para conocer el relevamiento oficial del INDEC de la pobreza habr\u00e1 que esperar hasta marzo del a\u00f1o pr\u00f3ximo.<\/p>\n<p><strong>Pobreza, desempleo, p\u00e9rdida de derechos<\/strong><\/p>\n<p>\u201cNi las pol\u00edticas de liberalizaci\u00f3n econ\u00f3mica, ni las pol\u00edticas de asistencia social son suficientes por s\u00ed solas para promover un modelo de desarrollo equilibrado en lo productivo y en social, con capacidad de incluir en un mismo proyecto pol\u00edtico-econ\u00f3mico a los agentes productivos, a los sectores del trabajo y al Estado, integrando social y laboralmente a la sociedad de los excluidos al modelo social\u201d, pondera el trabajo.<\/p>\n<div id=\"attachment_8519\" style=\"width: 310px\" class=\"wp-caption alignright\"><img loading=\"lazy\" decoding=\"async\" aria-describedby=\"caption-attachment-8519\" class=\"wp-image-8519 size-medium\" src=\"https:\/\/www.visionweb.com.ar\/wp-content\/uploads\/2022\/12\/EVOLUCION-DE-LA-POBREZA-300x168.png\" alt=\"\" width=\"300\" height=\"168\" srcset=\"https:\/\/www.visionweb.com.ar\/wp-content\/uploads\/2022\/12\/EVOLUCION-DE-LA-POBREZA-300x168.png 300w, https:\/\/www.visionweb.com.ar\/wp-content\/uploads\/2022\/12\/EVOLUCION-DE-LA-POBREZA.png 640w\" sizes=\"auto, (max-width: 300px) 100vw, 300px\" \/><p id=\"caption-attachment-8519\" class=\"wp-caption-text\"><em><strong>El gr\u00e1fico muestra la evoluci\u00f3n de la pobreza en Argentina (Fuente: ODS UCA)<\/strong><\/em><\/p><\/div>\n<p>De acuerdo a lo que revela el informe,\u00a0<strong>la tasa de pobreza se ampl\u00eda con \u201csectores de la clase media baja<\/strong>\u00a0los que han pasado a conformar una nueva capa de nuevos pobres\u201d.<\/p>\n<p>Otro aspecto relevante, de acuerdo al observatorio es que, si se tienen en cuenta datos de acceso a la salud, a la educaci\u00f3n, alimentaci\u00f3n, vivienda, servicios p\u00fablicos, trabajo y h\u00e1bitat saludable, \u201centre 2010 y 2022, casi sin cambios relevantes, el 70% de la poblaci\u00f3n estuvo afectado en al menos uno de estos derechos fundamentales\u201d.<\/p>\n<p>\u201cEn t\u00e9rminos poblacionales, esta \u00faltima cifra implica que<strong>\u00a0al menos 13 millones de argentinos sufren de una exclusi\u00f3n severa en acceso a bienes y servicios de inclusi\u00f3n socia<\/strong>l\u201d, afirm\u00f3 el trabajo de ODSA.<\/p>\n<p>Si la inflaci\u00f3n bajara y llegara a tener solo un d\u00edgito, la pobreza disminuir\u00eda entre 10 y 15 puntos porcentuales, se\u00f1alaron desde la UCA. \u201cNo es el aumento de los precios sino la no creaci\u00f3n de nuevos empleos, el deterioro de los existentes y la ca\u00edda de las remuneraciones, lo que genera desequilibrios\u201d.<\/p>\n<p><strong>Empleo<\/strong><\/p>\n<p>En cuanto a cifras del empleo, detallan que \u201cs\u00f3lo el 40% de la poblaci\u00f3n econ\u00f3micamente activa cuenta con un trabajo decente o digno, sea a trav\u00e9s de un empleo asalariado o no asalariado\u201d.<\/p>\n<p>Para la UCA \u201cesta fuerte segmentaci\u00f3n laboral se vincula estrechamente con la pobreza cr\u00f3nica y su aumento a lo largo de m\u00e1s de una d\u00e9cada\u201d.<\/p>\n<p>El informe se\u00f1al\u00f3 que \u201cen los hogares pobres, menos de 2 de cada 10 trabajadores logran acceder a un empleo pleno, mientras que, en los hogares no pobres, aunque en descenso, m\u00e1s de 5 de cada 10 trabajadores lo logra\u201d.<\/p>\n<p>El trabajo recalc\u00f3 que, a partir de la crisis de 2018-2019, profundizada por la pandemia de COVID-19 (m\u00e1s del 31% si se considera a los cesanteados), la pobreza de trabajadores se instal\u00f3 en un nuevo nivel estructural: 29,8%.<\/p>\n<p>\u201cUna particularidad del ciclo econ\u00f3mico actual (posterior a la pandemia) es que coexiste un importante crecimiento del empleo, pero no se recuperan los ingresos laborales\u201d, concluy\u00f3<strong>(VW)<\/strong>.<\/p>\n<p>&nbsp;<\/p>\n","protected":false},"excerpt":{"rendered":"<p>Sin subsidios del Estado llegar\u00eda al 50%.\u00a0Son cerca de 17 millones los argentinos pobres de acuerdo al \u00faltimo informe del Observatorio de la Deuda Social de la Universidad Cat\u00f3lica Argentina.<\/p>\n","protected":false},"author":3,"featured_media":8056,"comment_status":"closed","ping_status":"closed","sticky":false,"template":"","format":"standard","meta":{"_monsterinsights_skip_tracking":false,"_monsterinsights_sitenote_active":false,"_monsterinsights_sitenote_note":"","_monsterinsights_sitenote_category":0,"footnotes":""},"categories":[1],"tags":[],"class_list":["post-8518","post","type-post","status-publish","format-standard","has-post-thumbnail","hentry","category-uncategorized"],"_links":{"self":[{"href":"https:\/\/www.visionweb.com.ar\/index.php?rest_route=\/wp\/v2\/posts\/8518","targetHints":{"allow":["GET"]}}],"collection":[{"href":"https:\/\/www.visionweb.com.ar\/index.php?rest_route=\/wp\/v2\/posts"}],"about":[{"href":"https:\/\/www.visionweb.com.ar\/index.php?rest_route=\/wp\/v2\/types\/post"}],"author":[{"embeddable":true,"href":"https:\/\/www.visionweb.com.ar\/index.php?rest_route=\/wp\/v2\/users\/3"}],"replies":[{"embeddable":true,"href":"https:\/\/www.visionweb.com.ar\/index.php?rest_route=%2Fwp%2Fv2%2Fcomments&post=8518"}],"version-history":[{"count":2,"href":"https:\/\/www.visionweb.com.ar\/index.php?rest_route=\/wp\/v2\/posts\/8518\/revisions"}],"predecessor-version":[{"id":8521,"href":"https:\/\/www.visionweb.com.ar\/index.php?rest_route=\/wp\/v2\/posts\/8518\/revisions\/8521"}],"wp:featuredmedia":[{"embeddable":true,"href":"https:\/\/www.visionweb.com.ar\/index.php?rest_route=\/wp\/v2\/media\/8056"}],"wp:attachment":[{"href":"https:\/\/www.visionweb.com.ar\/index.php?rest_route=%2Fwp%2Fv2%2Fmedia&parent=8518"}],"wp:term":[{"taxonomy":"category","embeddable":true,"href":"https:\/\/www.visionweb.com.ar\/index.php?rest_route=%2Fwp%2Fv2%2Fcategories&post=8518"},{"taxonomy":"post_tag","embeddable":true,"href":"https:\/\/www.visionweb.com.ar\/index.php?rest_route=%2Fwp%2Fv2%2Ftags&post=8518"}],"curies":[{"name":"wp","href":"https:\/\/api.w.org\/{rel}","templated":true}]}}