{"id":8510,"date":"2022-12-05T14:47:57","date_gmt":"2022-12-05T17:47:57","guid":{"rendered":"https:\/\/www.visionweb.com.ar\/?p=8510"},"modified":"2022-12-05T14:47:57","modified_gmt":"2022-12-05T17:47:57","slug":"la-justicia-habilito-la-exploracion-petrolera-frente-a-mar-del-plata","status":"publish","type":"post","link":"https:\/\/www.visionweb.com.ar\/?p=8510","title":{"rendered":"La Justicia habilit\u00f3 la exploraci\u00f3n petrolera frente a Mar del Plata"},"content":{"rendered":"<p><em><strong>El avance del proyecto Argerich ser\u00e1 con \u00abcondiciones especiales\u00bb, ya que \u00abcualquier acontecimiento que afecte y\/o da\u00f1e sensiblemente al ambiente\u00bb, podr\u00e1 generar\u00a0\u00abla inmediata suspensi\u00f3n de las actividades\u201d.<\/strong><\/em><!--more--><\/p>\n<div id=\"attachment_8512\" style=\"width: 310px\" class=\"wp-caption alignright\"><img loading=\"lazy\" decoding=\"async\" aria-describedby=\"caption-attachment-8512\" class=\"wp-image-8512 size-medium\" src=\"https:\/\/www.visionweb.com.ar\/wp-content\/uploads\/2022\/12\/Equinos-trabajara-en-la-cuenca-arg-norte.-mdq-300x175.jpg\" alt=\"\" width=\"300\" height=\"175\" srcset=\"https:\/\/www.visionweb.com.ar\/wp-content\/uploads\/2022\/12\/Equinos-trabajara-en-la-cuenca-arg-norte.-mdq-300x175.jpg 300w, https:\/\/www.visionweb.com.ar\/wp-content\/uploads\/2022\/12\/Equinos-trabajara-en-la-cuenca-arg-norte.-mdq.bmp 699w\" sizes=\"auto, (max-width: 300px) 100vw, 300px\" \/><p id=\"caption-attachment-8512\" class=\"wp-caption-text\">Equinos trabajar\u00e1 en la Cuenca Argentina Norte CAN 100. Foto: internet.<\/p><\/div>\n<p><strong>L<\/strong>a<strong>\u00a0<\/strong><strong>C\u00e1mara Federal de Apelaciones de Mar del Plata<\/strong>\u00a0dej\u00f3 sin efecto una medida cautelar que imped\u00eda\u00a0la\u00a0<strong>exploraci\u00f3n petrolera offshore\u00a0a m\u00e1s de 300 kil\u00f3metros<\/strong><strong>\u00a0<\/strong>de las costas marplatenses, debido a que se <strong>consider\u00f3 que tanto el Gobierno y como la petrolera noruega Equinor cumplieron con los requisitos estipulados.<\/strong><\/p>\n<p>Con la firma de los jueces Alejandro Taza y Eduardo Jim\u00e9nez, la C\u00e1mara marplatense revoc\u00f3 la decisi\u00f3n del titular del Juzgado Federal N\u00b02, Santiago Mart\u00edn, emitida en octubre \u00faltimo,\u00a0<strong>\u00abpues debe tenerse por cumplido todos los requisitos establecidos por esta C\u00e1mara oportunamente\u00bb<\/strong>, expresa el fallo.<\/p>\n<p>El fallo judicial permitir\u00e1\u00a0a\u00a0Equinor confirmar los resultados exitosos de los trabajos de rastreo de hidrocarburos en el bloque <strong>Cuenca Argentina Norte (CAN) 100<\/strong> y\u00a0esperar por la autorizaci\u00f3n del Ministerio de Ambiente de la Naci\u00f3n\u00a0tras la \u00faltima audiencia p\u00fablica para <strong>iniciar la perforaci\u00f3n<\/strong> en aguas profundas del <strong>pozo bautizado Argerich-1<\/strong>.<\/p>\n<p>Con referencia al <strong>cuidado del medioambiente<\/strong>, la <strong>Secretar\u00eda de Energ\u00eda<\/strong> difundi\u00f3 la decisi\u00f3n\u00a0y remarc\u00f3\u00a0que \u00ab<strong>la producci\u00f3n offshore presenta una gran oportunidad para el desarrollo econ\u00f3mico de nuestro pa\u00eds<\/strong>\u00ab.<\/p>\n<p>A la vez, se agreg\u00f3 que: \u00abDesde el Gobierno Nacional controlaremos y exigiremos que la actividad\u00a0<strong>se desarrolle cumpliendo los m\u00e1ximos est\u00e1ndares de seguridad con el objetivo de cuidar nuestro ambiente<\/strong>\u00ab.<\/p>\n<p>En esa l\u00ednea, la C\u00e1mara\u00a0estableci\u00f3\u00a0que \u00abla ejecuci\u00f3n del proyecto <strong>deber\u00e1 contemplar \u00abobservadores permanentes<\/strong>, a miembros del equipo &#8216;Pampa Azul&#8217;, en el n\u00famero de integrantes que la autoridad administrativa considere adecuado, quienes\u00a0<strong>deber\u00e1n velar por el cuidado del Monumento Natural Ballena Franca, por la tutela del Agujero Azul<\/strong>\u00ab.<\/p>\n<p>El fallo tambi\u00e9n expres\u00f3\u00a0que \u00ab<strong>las actividades de prospecci\u00f3n s\u00edsmica no deber\u00e1n llevarse a cabo a una distancia menor a cincuenta (50) km. del sector que comprende la zona denominada &#8216;Agujero Azul&#8217;<\/strong>, la cual abarca una superficie de 148.000 Km2 considerada como el primer eslab\u00f3n de las cadenas tr\u00f3ficas del mar y por ser el <strong>hogar de &#8216;especies vulnerables&#8217; como corales, esponjas y estrellas de mar, pasando por rayas, tiburones, merluza y calamares<\/strong>\u00ab.<\/p>\n<p>Sobre este punto, se aclar\u00f3 que\u00a0<strong>se podr\u00e1 denunciar \u00abante las autoridades administrativas y judiciales actuantes cualquier acontecimiento que afecte y\/o da\u00f1e sensiblemente al ambiente<\/strong>, para propiciar la inmediata suspensi\u00f3n de las actividades\u201d, se\u00f1al\u00f3\u00a0el fallo.<\/p>\n<p>Por \u00faltimo, la C\u00e1mara exhort\u00f3 a que las autoridades <strong>\u201cpropicien y mantengan permanentemente un m\u00e1ximo nivel de control sobre las actividades del proyecto<\/strong>, respecto a la tutela del medio ambiente, y para velar por el cumplimiento de cualquiera de las condiciones antes establecidas\u00bb.<\/p>\n<p>Cabe recordar que el Proyecto Argerich que impulsa el gobierno nacional se present\u00f3 hace casi un a\u00f1o como una \u00aboportunidad hist\u00f3rica\u00bb para la industria petrolera. Sin embargo, en junio de este a\u00f1o qued\u00f3 frenado por la Justicia que ped\u00eda, medida cautelar mediante, una serie de estudios de impacto ambiental adicionales.<\/p>\n<p>Tras los devenires judiciales, la empresa Equinor, en sociedad con YPF, podr\u00e1 comenzar con las tareas de exploraci\u00f3n s\u00edsmica en una zona del Mar Argentino llamada Cuenca Argentina Norte (CAN), ubicada a 300 kil\u00f3metros de la costa marplatense. Esto ser\u00eda el primer paso, en busca efectiva de hidrocarburos. <strong>(VW)<\/strong><\/p>\n","protected":false},"excerpt":{"rendered":"<p>El avance del proyecto Argerich ser\u00e1 con \u00abcondiciones especiales\u00bb, ya que \u00abcualquier acontecimiento que afecte y\/o da\u00f1e sensiblemente al ambiente\u00bb, podr\u00e1 generar\u00a0\u00abla inmediata suspensi\u00f3n de las actividades\u201d.<\/p>\n","protected":false},"author":4,"featured_media":8512,"comment_status":"closed","ping_status":"closed","sticky":false,"template":"","format":"standard","meta":{"_monsterinsights_skip_tracking":false,"_monsterinsights_sitenote_active":false,"_monsterinsights_sitenote_note":"","_monsterinsights_sitenote_category":0,"footnotes":""},"categories":[3],"tags":[3561,3562,3560,3558,3559],"class_list":["post-8510","post","type-post","status-publish","format-standard","has-post-thumbnail","hentry","category-actualidad","tag-camara-apelaciones","tag-can-100","tag-expliracion-offshore","tag-exploracion-petrolera-en-mar-del-plata","tag-proyecto-argerich"],"_links":{"self":[{"href":"https:\/\/www.visionweb.com.ar\/index.php?rest_route=\/wp\/v2\/posts\/8510","targetHints":{"allow":["GET"]}}],"collection":[{"href":"https:\/\/www.visionweb.com.ar\/index.php?rest_route=\/wp\/v2\/posts"}],"about":[{"href":"https:\/\/www.visionweb.com.ar\/index.php?rest_route=\/wp\/v2\/types\/post"}],"author":[{"embeddable":true,"href":"https:\/\/www.visionweb.com.ar\/index.php?rest_route=\/wp\/v2\/users\/4"}],"replies":[{"embeddable":true,"href":"https:\/\/www.visionweb.com.ar\/index.php?rest_route=%2Fwp%2Fv2%2Fcomments&post=8510"}],"version-history":[{"count":2,"href":"https:\/\/www.visionweb.com.ar\/index.php?rest_route=\/wp\/v2\/posts\/8510\/revisions"}],"predecessor-version":[{"id":8513,"href":"https:\/\/www.visionweb.com.ar\/index.php?rest_route=\/wp\/v2\/posts\/8510\/revisions\/8513"}],"wp:featuredmedia":[{"embeddable":true,"href":"https:\/\/www.visionweb.com.ar\/index.php?rest_route=\/wp\/v2\/media\/8512"}],"wp:attachment":[{"href":"https:\/\/www.visionweb.com.ar\/index.php?rest_route=%2Fwp%2Fv2%2Fmedia&parent=8510"}],"wp:term":[{"taxonomy":"category","embeddable":true,"href":"https:\/\/www.visionweb.com.ar\/index.php?rest_route=%2Fwp%2Fv2%2Fcategories&post=8510"},{"taxonomy":"post_tag","embeddable":true,"href":"https:\/\/www.visionweb.com.ar\/index.php?rest_route=%2Fwp%2Fv2%2Ftags&post=8510"}],"curies":[{"name":"wp","href":"https:\/\/api.w.org\/{rel}","templated":true}]}}