{"id":8506,"date":"2022-12-05T13:53:43","date_gmt":"2022-12-05T16:53:43","guid":{"rendered":"https:\/\/www.visionweb.com.ar\/?p=8506"},"modified":"2022-12-05T13:53:43","modified_gmt":"2022-12-05T16:53:43","slug":"lanus-realizaron-talleres-sobre-bullying-y-practicas-discriminatorias","status":"publish","type":"post","link":"https:\/\/www.visionweb.com.ar\/?p=8506","title":{"rendered":"Lan\u00fas: Realizaron talleres sobre Bullying y pr\u00e1cticas discriminatorias"},"content":{"rendered":"<p><em><strong>Las charlas se brindaron en escuelas de la localidad con la finalidad de \u201csensibilizar a los participantes en inclusi\u00f3n y diversidad cultural\u201d, entre otros aspectos.<\/strong><\/em><!--more--><\/p>\n<div id=\"attachment_8508\" style=\"width: 310px\" class=\"wp-caption alignleft\"><img loading=\"lazy\" decoding=\"async\" aria-describedby=\"caption-attachment-8508\" class=\"wp-image-8508 size-medium\" src=\"https:\/\/www.visionweb.com.ar\/wp-content\/uploads\/2022\/12\/Bulling-talleres-en-lanus-300x167.jpg\" alt=\"\" width=\"300\" height=\"167\" srcset=\"https:\/\/www.visionweb.com.ar\/wp-content\/uploads\/2022\/12\/Bulling-talleres-en-lanus-300x167.jpg 300w, https:\/\/www.visionweb.com.ar\/wp-content\/uploads\/2022\/12\/Bulling-talleres-en-lanus.jpg 672w\" sizes=\"auto, (max-width: 300px) 100vw, 300px\" \/><p id=\"caption-attachment-8508\" class=\"wp-caption-text\">Capacitaciones sobre discriminaci\u00f3n. (Foto: Prensa de Lan\u00fas)<\/p><\/div>\n<p><strong> \u00a0L<\/strong>a Secretar\u00eda de Coordinaci\u00f3n Gubernamental y Asuntos Legislativos, a trav\u00e9s de la Direcci\u00f3n de Cultos y Relaciones Internacionales (RRII) del <strong>Municipio de Lan\u00fas<\/strong>, brind\u00f3 una serie de Talleres sobre Bullying y pr\u00e1cticas discriminatorias en diversos \u00e1mbitos escolares.<\/p>\n<p>Los talleres son dictados por <strong>Ver\u00f3nica Constantino<\/strong> capacitadora de la Delegaci\u00f3n de Asociaciones Israelitas Argentinas (DAIA), conforme indic\u00f3 Prensa de Lan\u00fas.<\/p>\n<p>\u201cNos sorprende gratamente el nivel de participaci\u00f3n de los grupos con los que hemos trabajado, las respuestas, pero sobre todo las preguntas que recibimos de los alumnos son se\u00f1ales de que estamos haciendo docencia sobre esta tem\u00e1tica. Se trata de una tarea dif\u00edcil pero necesaria\u201d, se\u00f1al\u00f3 Constantino.<\/p>\n<p>El acoso escolar o bullying es un fen\u00f3meno com\u00fan en los entornos escolares, afecta por igual a ni\u00f1as, ni\u00f1os y adolescentes sin distinci\u00f3n de edad, etnia o nivel socioecon\u00f3mico.<\/p>\n<p>En ese marco, la directora de Cultos y RRII,\u00a0 <strong>Norma Lozano<\/strong>, detall\u00f3: \u201cHemos ofrecido estos talleres a las autoridades de los colegios y escuelas tanto confesionales como laicas de nuestro distrito y tuvimos una amplia repercusi\u00f3n. Ello habla de la preocupaci\u00f3n por esta problem\u00e1tica\u201d.<\/p>\n<p>\u201cSi hablamos de violencia f\u00edsica, psicol\u00f3gica o ambas, el acoso escolar tiene un impacto significativo de corto, mediano y largo plazo en la vida de ni\u00f1os y adolescentes\u201d, destac\u00f3 Lozano.<\/p>\n<p>Y agreg\u00f3: \u201cEl taller est\u00e1 orientado a s<strong>ensibilizar a los participantes en inclusi\u00f3n, diversidad cultural y uso responsable de internet en materia de discriminaci\u00f3n<\/strong>, y est\u00e1 destinado a alumnos de escuelas primarias y secundarias\u201d.<\/p>\n<p>Cabe resaltar que la\u00a0DAIA trabaja contra la discriminaci\u00f3n de cualquier grupo vulnerable, pone la mirada en quien es v\u00edctima de un acto discriminatorio, pero sobre todo en el victimario que est\u00e1 dispuesto a se\u00f1alar a prejuzgar, y a perseguir a una persona o a un grupo de personas. <strong>(VW)<\/strong><\/p>\n","protected":false},"excerpt":{"rendered":"<p>Las charlas se brindaron en escuelas de la localidad con la finalidad de \u201csensibilizar a los participantes en inclusi\u00f3n y diversidad cultural\u201d, entre otros aspectos.<\/p>\n","protected":false},"author":4,"featured_media":8508,"comment_status":"closed","ping_status":"closed","sticky":false,"template":"","format":"standard","meta":{"_monsterinsights_skip_tracking":false,"_monsterinsights_sitenote_active":false,"_monsterinsights_sitenote_note":"","_monsterinsights_sitenote_category":0,"footnotes":""},"categories":[7,5],"tags":[3555,1844,2824,3554,3557,3556],"class_list":["post-8506","post","type-post","status-publish","format-standard","has-post-thumbnail","hentry","category-educacion-y-cultura","category-sociedad","tag-daia","tag-direccion-de-cultos","tag-municipio-de-lanus","tag-norma-lozano","tag-tallers-de-bullying","tag-veronica-constantino"],"_links":{"self":[{"href":"https:\/\/www.visionweb.com.ar\/index.php?rest_route=\/wp\/v2\/posts\/8506","targetHints":{"allow":["GET"]}}],"collection":[{"href":"https:\/\/www.visionweb.com.ar\/index.php?rest_route=\/wp\/v2\/posts"}],"about":[{"href":"https:\/\/www.visionweb.com.ar\/index.php?rest_route=\/wp\/v2\/types\/post"}],"author":[{"embeddable":true,"href":"https:\/\/www.visionweb.com.ar\/index.php?rest_route=\/wp\/v2\/users\/4"}],"replies":[{"embeddable":true,"href":"https:\/\/www.visionweb.com.ar\/index.php?rest_route=%2Fwp%2Fv2%2Fcomments&post=8506"}],"version-history":[{"count":2,"href":"https:\/\/www.visionweb.com.ar\/index.php?rest_route=\/wp\/v2\/posts\/8506\/revisions"}],"predecessor-version":[{"id":8509,"href":"https:\/\/www.visionweb.com.ar\/index.php?rest_route=\/wp\/v2\/posts\/8506\/revisions\/8509"}],"wp:featuredmedia":[{"embeddable":true,"href":"https:\/\/www.visionweb.com.ar\/index.php?rest_route=\/wp\/v2\/media\/8508"}],"wp:attachment":[{"href":"https:\/\/www.visionweb.com.ar\/index.php?rest_route=%2Fwp%2Fv2%2Fmedia&parent=8506"}],"wp:term":[{"taxonomy":"category","embeddable":true,"href":"https:\/\/www.visionweb.com.ar\/index.php?rest_route=%2Fwp%2Fv2%2Fcategories&post=8506"},{"taxonomy":"post_tag","embeddable":true,"href":"https:\/\/www.visionweb.com.ar\/index.php?rest_route=%2Fwp%2Fv2%2Ftags&post=8506"}],"curies":[{"name":"wp","href":"https:\/\/api.w.org\/{rel}","templated":true}]}}