{"id":8492,"date":"2022-12-02T11:23:03","date_gmt":"2022-12-02T14:23:03","guid":{"rendered":"https:\/\/www.visionweb.com.ar\/?p=8492"},"modified":"2022-12-02T11:23:03","modified_gmt":"2022-12-02T14:23:03","slug":"paritarias-docentes-cerraron-aumento-salarial-de-114-anual","status":"publish","type":"post","link":"https:\/\/www.visionweb.com.ar\/?p=8492","title":{"rendered":"Paritarias: Docentes cerraron aumento salarial de 114% anual"},"content":{"rendered":"<p><em><strong>Pidieron a las autoridades no pagar ganancias\u00a0y adem\u00e1s subieron el Fondo Nacional de Incentivo Docente.<\/strong><\/em><!--more--><\/p>\n<div id=\"attachment_8493\" style=\"width: 310px\" class=\"wp-caption alignright\"><img loading=\"lazy\" decoding=\"async\" aria-describedby=\"caption-attachment-8493\" class=\"wp-image-8493 size-medium\" src=\"https:\/\/www.visionweb.com.ar\/wp-content\/uploads\/2022\/12\/Docentes-partirarias-22-300x145.png\" alt=\"\" width=\"300\" height=\"145\" srcset=\"https:\/\/www.visionweb.com.ar\/wp-content\/uploads\/2022\/12\/Docentes-partirarias-22-300x145.png 300w, https:\/\/www.visionweb.com.ar\/wp-content\/uploads\/2022\/12\/Docentes-partirarias-22-768x372.png 768w, https:\/\/www.visionweb.com.ar\/wp-content\/uploads\/2022\/12\/Docentes-partirarias-22.png 839w\" sizes=\"auto, (max-width: 300px) 100vw, 300px\" \/><p id=\"caption-attachment-8493\" class=\"wp-caption-text\">Foto. Cteracta twitter.<\/p><\/div>\n<p><strong> L<\/strong>a Confederaci\u00f3n de Trabajadores de la Educaci\u00f3n de la Rep\u00fablica Argentina (<strong>CTERA<\/strong>) confirm\u00f3 hace unas horas que se lleg\u00f3 a un acuerdo en la paritaria docente con\u00a0<strong>un incremento anual del 114%. A este monto llegar\u00e1n en el mes de febrero <\/strong>por medio de un aumento escalonado, lo cual permitir\u00e1 un<strong> haber m\u00ednimo garantizado de $90.338 en ese mes.<\/strong><\/p>\n<p>De esta manera, en <strong>diciembre <\/strong>el aumento<strong> llegar\u00e1 al 97%, en enero 105,9% y en febrero alcanzar\u00e1 el 114% total<\/strong>.<\/p>\n<p>A la vez, tambi\u00e9n se lleg\u00f3 a un acuerdo para\u00a0<strong>incrementar los fondos del Fondo Nacional de Incentivo Docente y conectividad, que en febrero llegar\u00eda a 12.100 pesos<\/strong>, aunque desde CTERA fueron cautos para dejar en claro que <strong>\u201cel salario no es ganancia\u201d<\/strong>.<\/p>\n<p>En esa l\u00ednea, informaron que pidieron a las autoridades <strong>no pagar el<\/strong>\u00a0<strong>impuesto a las ganancias\u00a0<\/strong>y que mientras se est\u00e9 discutiendo este tema, <strong>no descontar en diciembre<\/strong> la parte del <strong>aguinaldo<\/strong> involucrada por ese impuesto.<\/p>\n<p>Por \u00faltimo, el gremio agreg\u00f3 que \u201cel Ministerio de Educaci\u00f3n\u00a0<strong>convocar\u00e1 a la Paritaria Nacional Docente a comienzos de 2023\u00a0<\/strong>para empezar a discutir la pauta salarial para el a\u00f1o entrante\u201d.<\/p>\n<p>La reuni\u00f3n paritaria fue presidida por el ministro de Educaci\u00f3n, Jaime Perczyk, y por la delegaci\u00f3n de CTERA participaron Sonia Alesso, Roberto Baradel, Juan Monserrat, Ang\u00e9lica Graciano y Luis Branchi.<\/p>\n<p>La informaci\u00f3n fue dada a conocer por el gremio en un comunicado publicado en las redes sociales. <strong>(VW)<\/strong><\/p>\n<p>&nbsp;<\/p>\n","protected":false},"excerpt":{"rendered":"<p>Pidieron a las autoridades no pagar ganancias\u00a0y adem\u00e1s subieron el Fondo Nacional de Incentivo Docente.<\/p>\n","protected":false},"author":4,"featured_media":8493,"comment_status":"closed","ping_status":"closed","sticky":false,"template":"","format":"standard","meta":{"_monsterinsights_skip_tracking":false,"_monsterinsights_sitenote_active":false,"_monsterinsights_sitenote_note":"","_monsterinsights_sitenote_category":0,"footnotes":""},"categories":[6,4],"tags":[3549,2871,3548],"class_list":["post-8492","post","type-post","status-publish","format-standard","has-post-thumbnail","hentry","category-economia","category-politica","tag-114-anual","tag-ctera","tag-paritaria-docente-2022"],"_links":{"self":[{"href":"https:\/\/www.visionweb.com.ar\/index.php?rest_route=\/wp\/v2\/posts\/8492","targetHints":{"allow":["GET"]}}],"collection":[{"href":"https:\/\/www.visionweb.com.ar\/index.php?rest_route=\/wp\/v2\/posts"}],"about":[{"href":"https:\/\/www.visionweb.com.ar\/index.php?rest_route=\/wp\/v2\/types\/post"}],"author":[{"embeddable":true,"href":"https:\/\/www.visionweb.com.ar\/index.php?rest_route=\/wp\/v2\/users\/4"}],"replies":[{"embeddable":true,"href":"https:\/\/www.visionweb.com.ar\/index.php?rest_route=%2Fwp%2Fv2%2Fcomments&post=8492"}],"version-history":[{"count":1,"href":"https:\/\/www.visionweb.com.ar\/index.php?rest_route=\/wp\/v2\/posts\/8492\/revisions"}],"predecessor-version":[{"id":8494,"href":"https:\/\/www.visionweb.com.ar\/index.php?rest_route=\/wp\/v2\/posts\/8492\/revisions\/8494"}],"wp:featuredmedia":[{"embeddable":true,"href":"https:\/\/www.visionweb.com.ar\/index.php?rest_route=\/wp\/v2\/media\/8493"}],"wp:attachment":[{"href":"https:\/\/www.visionweb.com.ar\/index.php?rest_route=%2Fwp%2Fv2%2Fmedia&parent=8492"}],"wp:term":[{"taxonomy":"category","embeddable":true,"href":"https:\/\/www.visionweb.com.ar\/index.php?rest_route=%2Fwp%2Fv2%2Fcategories&post=8492"},{"taxonomy":"post_tag","embeddable":true,"href":"https:\/\/www.visionweb.com.ar\/index.php?rest_route=%2Fwp%2Fv2%2Ftags&post=8492"}],"curies":[{"name":"wp","href":"https:\/\/api.w.org\/{rel}","templated":true}]}}