{"id":8484,"date":"2022-12-02T09:17:32","date_gmt":"2022-12-02T12:17:32","guid":{"rendered":"https:\/\/www.visionweb.com.ar\/?p=8484"},"modified":"2022-12-02T09:17:32","modified_gmt":"2022-12-02T12:17:32","slug":"diputados-bonaerenses-presentan-proyecto-para-emprendedores-jovenes","status":"publish","type":"post","link":"https:\/\/www.visionweb.com.ar\/?p=8484","title":{"rendered":"Diputados bonaerenses: Presentan proyecto para emprendedores j\u00f3venes"},"content":{"rendered":"<p><em><strong>El diputado Juan Miguel G\u00f3mez Parodi convoc\u00f3 a referentes comunales y a sectores empresarios de la provincia de Buenos Aires, para compartir una iniciativa legislativa que busca reforzar la participaci\u00f3n juvenil en las pymes.<\/strong><\/em><!--more--><\/p>\n<div id=\"attachment_8485\" style=\"width: 310px\" class=\"wp-caption alignright\"><img loading=\"lazy\" decoding=\"async\" aria-describedby=\"caption-attachment-8485\" class=\"wp-image-8485 size-medium\" src=\"https:\/\/www.visionweb.com.ar\/wp-content\/uploads\/2022\/12\/DIPUTADOS-EMPRENDEDORES-300x200.png\" alt=\"\" width=\"300\" height=\"200\" srcset=\"https:\/\/www.visionweb.com.ar\/wp-content\/uploads\/2022\/12\/DIPUTADOS-EMPRENDEDORES-300x200.png 300w, https:\/\/www.visionweb.com.ar\/wp-content\/uploads\/2022\/12\/DIPUTADOS-EMPRENDEDORES-768x511.png 768w, https:\/\/www.visionweb.com.ar\/wp-content\/uploads\/2022\/12\/DIPUTADOS-EMPRENDEDORES.png 800w\" sizes=\"auto, (max-width: 300px) 100vw, 300px\" \/><p id=\"caption-attachment-8485\" class=\"wp-caption-text\"><strong><em>La iniciativa del legislador &#8230; apunta a apoyar a los emprendedores j\u00f3venes (Prensa Diputados bonaerenses) <\/em><\/strong><\/p><\/div>\n<p><strong>\u00a0 \u00a0 U<\/strong>na iniciativa del Miguel G\u00f3mez Parodi abri\u00f3 la posibilidad de darle forma de ley\u00a0 al apoyo a las iniciativas que alienten la creaci\u00f3n del \u201cPrograma de Apoyo al Empresariado Joven Bonaerense\u201d.<\/p>\n<p>El programa tiene como objetivo la elaboraci\u00f3n de un marco propicio para el surgimiento de nuevas empresas en el \u00e1mbito provincial y est\u00e1 orientado a personas de 18 a 40 a\u00f1os de edad.<\/p>\n<p>Entre los principales alicientes se encuentran el fomento financiero, con l\u00edneas de cr\u00e9dito de organismos internacionales o pa\u00edses extranjeros y garant\u00eda crediticia con auxilio del Fondo de Garant\u00eda de la Provincia de Buenos Aires (FOGABA); y la flexibilidad impositiva, con exenci\u00f3n del impuesto a Ingresos Brutos durante 4 a\u00f1os.<\/p>\n<p>En su presentaci\u00f3n, el legislador Juan Miguel G\u00f3mez Parodi, estuvo acompa\u00f1ado por la diputada y presidenta de la comisi\u00f3n de Juventud, Berenice Latorre; el titular de J\u00f3venes Empresarios de la Federaci\u00f3n Econ\u00f3mica de la Provincia de Buenos Aires (JE-FEBA), Sebasti\u00e1n Rea\u00f1o; y la directora de Juventud provincial, Ayel\u00e9n L\u00f3pez.<\/p>\n<p>Por otra parte, asistieron al encuentro referentes distritales que trabajan en articulaci\u00f3n con el sector pyme local y vieron con buenos ojos la propuesta legislativa. Lo mismo ocurri\u00f3 con exponentes del empresariado bonaerense juvenil, que subrayaron la necesidad de generar condiciones que posibiliten el desarrollo de las micro, peque\u00f1as y medianas empresas.<\/p>\n<p>El diputado G\u00f3mez Parodi finaliz\u00f3 la reuni\u00f3n con un agradecimiento general por la concurrencia y destac\u00f3: \u201cEs importante mejorar las leyes que tiene la Provincia; incorporarles contenido, actualizarlas\u201d.<\/p>\n<p>Y a prop\u00f3sito del proyecto, el legislador remarc\u00f3: \u201cEs necesario que sea una pol\u00edtica p\u00fablica que no est\u00e9 sujeta a la voluntad de un gobernador o un ministro, sino que sea una pol\u00edtica p\u00fablica votada y empoderada por organizaciones gremiales y empresariales\u201d<strong>(VW)<\/strong>.<\/p>\n","protected":false},"excerpt":{"rendered":"<p>El diputado Juan Miguel G\u00f3mez Parodi convoc\u00f3 a referentes comunales y a sectores empresarios de la provincia de Buenos Aires, para compartir una iniciativa legislativa que busca reforzar la participaci\u00f3n juvenil en las pymes.<\/p>\n","protected":false},"author":3,"featured_media":8485,"comment_status":"closed","ping_status":"closed","sticky":false,"template":"","format":"standard","meta":{"_monsterinsights_skip_tracking":false,"_monsterinsights_sitenote_active":false,"_monsterinsights_sitenote_note":"","_monsterinsights_sitenote_category":0,"footnotes":""},"categories":[4,749],"tags":[143,3547,1953],"class_list":["post-8484","post","type-post","status-publish","format-standard","has-post-thumbnail","hentry","category-politica","category-pymes","tag-diputados","tag-empresariado","tag-proyecto"],"_links":{"self":[{"href":"https:\/\/www.visionweb.com.ar\/index.php?rest_route=\/wp\/v2\/posts\/8484","targetHints":{"allow":["GET"]}}],"collection":[{"href":"https:\/\/www.visionweb.com.ar\/index.php?rest_route=\/wp\/v2\/posts"}],"about":[{"href":"https:\/\/www.visionweb.com.ar\/index.php?rest_route=\/wp\/v2\/types\/post"}],"author":[{"embeddable":true,"href":"https:\/\/www.visionweb.com.ar\/index.php?rest_route=\/wp\/v2\/users\/3"}],"replies":[{"embeddable":true,"href":"https:\/\/www.visionweb.com.ar\/index.php?rest_route=%2Fwp%2Fv2%2Fcomments&post=8484"}],"version-history":[{"count":1,"href":"https:\/\/www.visionweb.com.ar\/index.php?rest_route=\/wp\/v2\/posts\/8484\/revisions"}],"predecessor-version":[{"id":8486,"href":"https:\/\/www.visionweb.com.ar\/index.php?rest_route=\/wp\/v2\/posts\/8484\/revisions\/8486"}],"wp:featuredmedia":[{"embeddable":true,"href":"https:\/\/www.visionweb.com.ar\/index.php?rest_route=\/wp\/v2\/media\/8485"}],"wp:attachment":[{"href":"https:\/\/www.visionweb.com.ar\/index.php?rest_route=%2Fwp%2Fv2%2Fmedia&parent=8484"}],"wp:term":[{"taxonomy":"category","embeddable":true,"href":"https:\/\/www.visionweb.com.ar\/index.php?rest_route=%2Fwp%2Fv2%2Fcategories&post=8484"},{"taxonomy":"post_tag","embeddable":true,"href":"https:\/\/www.visionweb.com.ar\/index.php?rest_route=%2Fwp%2Fv2%2Ftags&post=8484"}],"curies":[{"name":"wp","href":"https:\/\/api.w.org\/{rel}","templated":true}]}}