{"id":8476,"date":"2022-12-02T08:13:41","date_gmt":"2022-12-02T11:13:41","guid":{"rendered":"https:\/\/www.visionweb.com.ar\/?p=8476"},"modified":"2022-12-02T08:13:41","modified_gmt":"2022-12-02T11:13:41","slug":"grindetti-participo-de-la-cumbre-de-mercociudades","status":"publish","type":"post","link":"https:\/\/www.visionweb.com.ar\/?p=8476","title":{"rendered":"Grindetti particip\u00f3 de la cumbre de Mercociudades"},"content":{"rendered":"<p><strong><em>El encuentro se realiz\u00f3 entre el 29 de noviembre y el 1 de diciembre en la ciudad de Montevideo, Uruguay. Montevideo asumi\u00f3 la presidencia del bloque.<\/em><\/strong> <!--more--><\/p>\n<p><strong>\u00a0 \u00a0 \u00a0 <img loading=\"lazy\" decoding=\"async\" class=\"size-medium wp-image-8477 alignright\" src=\"https:\/\/www.visionweb.com.ar\/wp-content\/uploads\/2022\/12\/MERCOCIUDADES-300x200.jpeg\" alt=\"\" width=\"300\" height=\"200\" srcset=\"https:\/\/www.visionweb.com.ar\/wp-content\/uploads\/2022\/12\/MERCOCIUDADES-300x200.jpeg 300w, https:\/\/www.visionweb.com.ar\/wp-content\/uploads\/2022\/12\/MERCOCIUDADES-768x511.jpeg 768w, https:\/\/www.visionweb.com.ar\/wp-content\/uploads\/2022\/12\/MERCOCIUDADES.jpeg 800w\" sizes=\"auto, (max-width: 300px) 100vw, 300px\" \/>E<\/strong>l intendente de Lan\u00fas, N\u00e9stor Grindetti, asisti\u00f3 a la Cumbre de Mercociudades (Ciudades amigas, Ciudades m\u00e1s verdes) que se realiz\u00f3 en Montevideo, Uruguay desde el 29 de Noviembre al 1 de diciembre de 2022.<\/p>\n<p>En las tres jornadas\u00a0 se realizaron reuniones de trabajo de equipos t\u00e9cnicos en diferentes unidades tem\u00e1ticas.<\/p>\n<p>Lan\u00fas integr\u00f3 la Unidad de Planificaci\u00f3n Estrat\u00e9gica y \u00c1reas Metropolitanas, donde present\u00f3 una propuesta para fortalecer los marcos regulatorios de planificaci\u00f3n urbana de las ciudades, promoviendo acciones vinculadas al crecimiento y desarrollo de las urbes, \u00e1rea de trabajo que lleva adelante UCPEL 2030.<\/p>\n<p><img loading=\"lazy\" decoding=\"async\" class=\"size-medium wp-image-8478 alignleft\" src=\"https:\/\/www.visionweb.com.ar\/wp-content\/uploads\/2022\/12\/GRINDETTI-MERCOCIUDADES-300x200.jpeg\" alt=\"\" width=\"300\" height=\"200\" srcset=\"https:\/\/www.visionweb.com.ar\/wp-content\/uploads\/2022\/12\/GRINDETTI-MERCOCIUDADES-300x200.jpeg 300w, https:\/\/www.visionweb.com.ar\/wp-content\/uploads\/2022\/12\/GRINDETTI-MERCOCIUDADES.jpeg 640w\" sizes=\"auto, (max-width: 300px) 100vw, 300px\" \/>Del c\u00f3nclave participaron autoridades de la Direcci\u00f3n Ejecutiva y se realiz\u00f3\u00a0 la Asamblea General del organismo internacional, con la\u00a0 participaci\u00f3n de Intendentes y autoridades del \u00e1rea de Cooperaci\u00f3n internacional de las ciudades miembro.<\/p>\n<p>En la Cumbre, asumi\u00f3 la Presidencia, la Intendencia de Montevideo,\u00a0 la Ing. Carolina Cosse para el per\u00edodo 2023.<\/p>\n<p>Mercociudades es una red de ciudades que tiene como objetivo la integraci\u00f3n regional, formada por gobiernos locales de Am\u00e9rica del Sur y es un organismo internacional destacado en los procesos de cooperaci\u00f3n regional.<\/p>\n<p>Esta red est\u00e1 integrada por 366 ciudades asociadas, de las cuales integran 10 pa\u00edses de Am\u00e9rica del Sur, entre los que se encuentran Argentina, Brasil, Paraguay, Uruguay, Venezuela, Chile, Bolivia, Ecuador, Per\u00fa y Colombia, en donde habitan m\u00e1s de 120 millones de personas<strong>(VW)<\/strong>.<\/p>\n<p>&nbsp;<\/p>\n<p>&nbsp;<\/p>\n","protected":false},"excerpt":{"rendered":"<p>El encuentro se realiz\u00f3 entre el 29 de noviembre y el 1 de diciembre en la ciudad de Montevideo, Uruguay. Montevideo asumi\u00f3 la presidencia del bloque.<\/p>\n","protected":false},"author":3,"featured_media":8477,"comment_status":"closed","ping_status":"closed","sticky":false,"template":"","format":"standard","meta":{"_monsterinsights_skip_tracking":false,"_monsterinsights_sitenote_active":false,"_monsterinsights_sitenote_note":"","_monsterinsights_sitenote_category":0,"footnotes":""},"categories":[8],"tags":[18,3546,3545],"class_list":["post-8476","post","type-post","status-publish","format-standard","has-post-thumbnail","hentry","category-interes-general","tag-grindetti","tag-mercociudades","tag-montevidio"],"_links":{"self":[{"href":"https:\/\/www.visionweb.com.ar\/index.php?rest_route=\/wp\/v2\/posts\/8476","targetHints":{"allow":["GET"]}}],"collection":[{"href":"https:\/\/www.visionweb.com.ar\/index.php?rest_route=\/wp\/v2\/posts"}],"about":[{"href":"https:\/\/www.visionweb.com.ar\/index.php?rest_route=\/wp\/v2\/types\/post"}],"author":[{"embeddable":true,"href":"https:\/\/www.visionweb.com.ar\/index.php?rest_route=\/wp\/v2\/users\/3"}],"replies":[{"embeddable":true,"href":"https:\/\/www.visionweb.com.ar\/index.php?rest_route=%2Fwp%2Fv2%2Fcomments&post=8476"}],"version-history":[{"count":1,"href":"https:\/\/www.visionweb.com.ar\/index.php?rest_route=\/wp\/v2\/posts\/8476\/revisions"}],"predecessor-version":[{"id":8479,"href":"https:\/\/www.visionweb.com.ar\/index.php?rest_route=\/wp\/v2\/posts\/8476\/revisions\/8479"}],"wp:featuredmedia":[{"embeddable":true,"href":"https:\/\/www.visionweb.com.ar\/index.php?rest_route=\/wp\/v2\/media\/8477"}],"wp:attachment":[{"href":"https:\/\/www.visionweb.com.ar\/index.php?rest_route=%2Fwp%2Fv2%2Fmedia&parent=8476"}],"wp:term":[{"taxonomy":"category","embeddable":true,"href":"https:\/\/www.visionweb.com.ar\/index.php?rest_route=%2Fwp%2Fv2%2Fcategories&post=8476"},{"taxonomy":"post_tag","embeddable":true,"href":"https:\/\/www.visionweb.com.ar\/index.php?rest_route=%2Fwp%2Fv2%2Ftags&post=8476"}],"curies":[{"name":"wp","href":"https:\/\/api.w.org\/{rel}","templated":true}]}}