{"id":8465,"date":"2022-12-01T13:08:28","date_gmt":"2022-12-01T16:08:28","guid":{"rendered":"https:\/\/www.visionweb.com.ar\/?p=8465"},"modified":"2022-12-01T13:08:28","modified_gmt":"2022-12-01T16:08:28","slug":"pueblos-turisticos-la-provincia-relanzo-el-programa-para-fortalecer-el-sector","status":"publish","type":"post","link":"https:\/\/www.visionweb.com.ar\/?p=8465","title":{"rendered":"\u201cPueblos Tur\u00edsticos\u201d: La Provincia relanz\u00f3 el Programa para fortalecer el sector"},"content":{"rendered":"<p><em><strong>Son 33 los pueblos que participan de la iniciativa cuyo objetivo es dinamizar las econom\u00edas regionales.<\/strong><\/em><!--more--><\/p>\n<p><strong> <img loading=\"lazy\" decoding=\"async\" class=\"size-medium wp-image-8466 alignright\" src=\"https:\/\/www.visionweb.com.ar\/wp-content\/uploads\/2022\/12\/Calos-Ken-pueblo-300x230.png\" alt=\"\" width=\"300\" height=\"230\" srcset=\"https:\/\/www.visionweb.com.ar\/wp-content\/uploads\/2022\/12\/Calos-Ken-pueblo-300x230.png 300w, https:\/\/www.visionweb.com.ar\/wp-content\/uploads\/2022\/12\/Calos-Ken-pueblo.png 700w\" sizes=\"auto, (max-width: 300px) 100vw, 300px\" \/>\u00a0 E<\/strong>l Gobierno de la provincia de Buenos Aires<strong>\u00a0aprob\u00f3 el relanzamiento del Programa Pueblos Tur\u00edsticos,<\/strong>\u00a0con el objetivo de \u00abacompa\u00f1ar a peque\u00f1as localidades en el desarrollo tur\u00edstico sostenible, con especial \u00e9nfasis en el impacto en las econom\u00edas y din\u00e1micas locales y la creaci\u00f3n de nuevas fuentes de trabajo, la conformaci\u00f3n de una red de pueblos tur\u00edsticos, y la integraci\u00f3n de las localidades en din\u00e1micas y corredores regionales\u00bb.<\/p>\n<p>Mediante la <strong>Resoluci\u00f3n 685 del Ministerio de Producci\u00f3n<\/strong>\u00a0publicada en el Bolet\u00edn Oficial del distrito, <strong>el gobierno bonaerense reafirm\u00f3 la iniciativa, <\/strong>donde a la vez se aprob\u00f3 la <strong>n\u00f3mina de pueblos tur\u00edsticos<\/strong> dentro del Programa.<\/p>\n<p>En los fundamentos de la medida se indic\u00f3 que la Resoluci\u00f3n N\u00b0 67\/2008 de la entonces Secretar\u00eda de Turismo aprob\u00f3 el programa denominado \u201cPueblos Tur\u00edsticos\u201d, cuyo objeto consiste en \u201cpromover e incentivar el desarrollo de actividades y emprendimientos tur\u00edsticos sostenibles en peque\u00f1as localidades de la provincia de Buenos Aires, generando fuentes de empleo decente, recursos genuinos y favoreciendo el arraigo\u201d.<\/p>\n<p>Se destac\u00f3 que el Programa\u00a0<strong>\u00abprocura poner en valor todos aquellos recursos patrimoniales y\/o extra patrimoniales existentes en las peque\u00f1as localidades\u00a0<\/strong>y generar emprendimientos tur\u00edsticos sustentables y sostenibles donde los pobladores locales sean los protagonistas activos del proceso\u00bb-<\/p>\n<p>Adem\u00e1s, se subray\u00f3 que para que las pol\u00edticas p\u00fablicas tendientes al desarrollo tur\u00edstico local sean exitosas y sostenibles en el tiempo,<strong>\u00a0\u00abdeben tomar en consideraci\u00f3n las particularidades territoriales\u00a0<\/strong>(actores, din\u00e1micas, problem\u00e1ticas) y estar guiadas por el principio de sustentabilidad en sus ejes ambientales, sociales y econ\u00f3micos\u00bb.<\/p>\n<p>Aqu\u00ed la lista completa de las 33 localidades del nuevo Programa Pueblos Tur\u00edsticos:<\/p>\n<ul>\n<li>Altamira, en Mercedes<\/li>\n<li>Azcu\u00e9naga, en San Andr\u00e9s de Giles<\/li>\n<li>Bah\u00eda San Blas \/ Los Pocitos, en Patagones<\/li>\n<li>Barker, en Benito Ju\u00e1rez<\/li>\n<li>Carlos Keen, en Luj\u00e1n<\/li>\n<li>Caz\u00f3n, en Saladillo<\/li>\n<li>Copetonas, en Tres Arroyos<\/li>\n<li>Dufaur, en Saavedra<\/li>\n<li>El Paraiso, en Ramallo<\/li>\n<li>Escalada, en Z\u00e1rate<\/li>\n<li>Gardey, en Tandil<\/li>\n<li>Garr\u00e9, en Guamin\u00ed<\/li>\n<li>Gouin, en Carmen de Areco<\/li>\n<li>Indio Rico, en Coronel Pringles<\/li>\n<li>Isla Martin Garc\u00eda, en La Plata<\/li>\n<li>Isla Santiago, en Ensenada<\/li>\n<li>Juan Eulogio Barra, en Adolfo Gonzales Chaves<\/li>\n<li>La Ni\u00f1a, en Nueve de julio<\/li>\n<li>La Paz, en Roque P\u00e9rez<\/li>\n<li>Mechongue, en General Alvarado<\/li>\n<li>Oliden, en Brandsen<\/li>\n<li>Pardo, en Las Flores<\/li>\n<li>Pipinas, en Punta Indio<\/li>\n<li>Rafael Obligado, en Rojas<\/li>\n<li>Saldungaray, en Tornquist<\/li>\n<li>San Agust\u00edn, en Balcarce<\/li>\n<li>Santa Coloma, en Baradero<\/li>\n<li>Santa Mar\u00eda, en Coronel Su\u00e1rez<\/li>\n<li>Uribelarrea, en Ca\u00f1uelas<\/li>\n<li>Villa L\u00eda, en San Antonio de Areco<\/li>\n<li>Villa Loguercio, en Lobos<\/li>\n<li>Villa Ruiz, en San Andr\u00e9s de Giles<\/li>\n<li>Vuelta de Obligado, en San Pedro<\/li>\n<\/ul>\n<p>La normativa detalla que el Programa<strong>\u00a0\u00abfomenta una nueva relaci\u00f3n entre el Estado y las peque\u00f1as localidades a trav\u00e9s de actividad tur\u00edstica\u00bb con<\/strong> buenos resultados, por lo que se propicia la renovaci\u00f3n el Programa \u00abPueblos Tur\u00edsticos\u00bb. <strong>(VW)<\/strong><\/p>\n<p>&nbsp;<\/p>\n","protected":false},"excerpt":{"rendered":"<p>Son 33 los pueblos que participan de la iniciativa cuyo objetivo es dinamizar las econom\u00edas regionales.<\/p>\n","protected":false},"author":4,"featured_media":8466,"comment_status":"closed","ping_status":"closed","sticky":false,"template":"","format":"standard","meta":{"_monsterinsights_skip_tracking":false,"_monsterinsights_sitenote_active":false,"_monsterinsights_sitenote_note":"","_monsterinsights_sitenote_category":0,"footnotes":""},"categories":[700],"tags":[3542,356,302,3543],"class_list":["post-8465","post","type-post","status-publish","format-standard","has-post-thumbnail","hentry","category-turismo","tag-programa-pueblos-turisticos","tag-provincia","tag-relanzamiento","tag-turismo-bonarense"],"_links":{"self":[{"href":"https:\/\/www.visionweb.com.ar\/index.php?rest_route=\/wp\/v2\/posts\/8465","targetHints":{"allow":["GET"]}}],"collection":[{"href":"https:\/\/www.visionweb.com.ar\/index.php?rest_route=\/wp\/v2\/posts"}],"about":[{"href":"https:\/\/www.visionweb.com.ar\/index.php?rest_route=\/wp\/v2\/types\/post"}],"author":[{"embeddable":true,"href":"https:\/\/www.visionweb.com.ar\/index.php?rest_route=\/wp\/v2\/users\/4"}],"replies":[{"embeddable":true,"href":"https:\/\/www.visionweb.com.ar\/index.php?rest_route=%2Fwp%2Fv2%2Fcomments&post=8465"}],"version-history":[{"count":1,"href":"https:\/\/www.visionweb.com.ar\/index.php?rest_route=\/wp\/v2\/posts\/8465\/revisions"}],"predecessor-version":[{"id":8468,"href":"https:\/\/www.visionweb.com.ar\/index.php?rest_route=\/wp\/v2\/posts\/8465\/revisions\/8468"}],"wp:featuredmedia":[{"embeddable":true,"href":"https:\/\/www.visionweb.com.ar\/index.php?rest_route=\/wp\/v2\/media\/8466"}],"wp:attachment":[{"href":"https:\/\/www.visionweb.com.ar\/index.php?rest_route=%2Fwp%2Fv2%2Fmedia&parent=8465"}],"wp:term":[{"taxonomy":"category","embeddable":true,"href":"https:\/\/www.visionweb.com.ar\/index.php?rest_route=%2Fwp%2Fv2%2Fcategories&post=8465"},{"taxonomy":"post_tag","embeddable":true,"href":"https:\/\/www.visionweb.com.ar\/index.php?rest_route=%2Fwp%2Fv2%2Ftags&post=8465"}],"curies":[{"name":"wp","href":"https:\/\/api.w.org\/{rel}","templated":true}]}}