{"id":8450,"date":"2022-12-01T07:21:15","date_gmt":"2022-12-01T10:21:15","guid":{"rendered":"https:\/\/www.visionweb.com.ar\/?p=8450"},"modified":"2022-12-01T07:26:19","modified_gmt":"2022-12-01T10:26:19","slug":"precios-justos-comercio-anuncio-multas-de-hasta-1-millon-para-las-empresas-que-no-cumplan","status":"publish","type":"post","link":"https:\/\/www.visionweb.com.ar\/?p=8450","title":{"rendered":"Precios justos: Comercio anunci\u00f3 multas de hasta $1 mill\u00f3n para las empresas que no cumplan"},"content":{"rendered":"<p><em><strong>Las alimentarias que firmaron el convenio tendr\u00e1n la obligaci\u00f3n de exhibir en g\u00f3ndolas al menos el 80% de los productos acordados.<\/strong><\/em><!--more--><\/p>\n<p><img loading=\"lazy\" decoding=\"async\" class=\"size-full wp-image-1345 alignright\" src=\"https:\/\/www.visionweb.com.ar\/wp-content\/uploads\/2021\/04\/control-precios.bmp\" alt=\"\" width=\"268\" height=\"290\" \/>Desde hoy rigen en todas las cadenas de supermercados un total de 1800 productos que ingresaron al programa \u00abPrecios Justos\u00bb, sin embargo, las emporesas que no cumplimenten con ese acuerdo ser\u00e1n multadas.<\/p>\n<p>En ese sentido, la\u00a0Secretar\u00eda de Comercio estableci\u00f3 <strong>multas de hasta un mill\u00f3n de pesos a los incumplimientos<\/strong> en que pudieran incurrir las empresas participantes del programa \u00abPrecios Justos\u00bb, con la opci\u00f3n de duplicar ese monto en caso de reincidencias reiteradas.<\/p>\n<p>La medida se formaliz\u00f3 en la v\u00edspera, a trav\u00e9s de la Resoluci\u00f3n 118\/2022 publicada en el Bolet\u00edn Oficial, e incluye un anexo con el detalle de los incumplimientos y sus respectivas multas.<\/p>\n<p>La norma es complementaria de la Resoluci\u00f3n 75 del 11 de noviembre, \u00a0por la que se aprob\u00f3 el modelo de Convenio Espec\u00edfico de Colaboraci\u00f3n entre la Secretar\u00eda de Comercio y \u00ablos municipios de las diversas provincias de la Rep\u00fablica Argentina que contribuyan en las actividades de fiscalizaci\u00f3n, control y juzgamiento de los incumplimientos a los acuerdos de precios que hayan sido suscriptos\u00bb con las empresas participantes de Precios Justos.<\/p>\n<p>De acuerdo a lo informado por T\u00e9lam, como esa resoluci\u00f3n no especificaba los montos de las multas a aplicar ante eventuales incumplimientos, Comercio consider\u00f3 \u00abpertinente\u00bb por \u00abcuestiones operativas\u00bb el establecimiento de criterios para su fijaci\u00f3n.<\/p>\n<p>En el caso de\u00a0<strong>ofertas de productos del programa a precios superiores de los establecidos por el Convenio, las multas se ubicar\u00e1n entre $500.000 a $ 1 mill\u00f3n<\/strong>, el mismo rango si ocurre una falta de oferta en cada sucursal de las empresas de al menos el 80% de los productos previstos, sin que se encontraren ofertados sus respectivos sustitutos.<\/p>\n<p>Se aplicar\u00e1 una sanci\u00f3n de\u00a0<strong>$200.000 hasta $400.000,<\/strong>\u00a0si existiera una\u00a0<strong>falta de correcta identificaci\u00f3n mediante la se\u00f1al\u00e9tica del programa<\/strong>\u00a0en cada sucursal de las empresas participantes de al menos el 80% de los productos incluidos en los convenios correspondientes.<\/p>\n<p>Asimismo, la resoluci\u00f3n establece\u00a0<strong>multas de $150.000 a $300.000 si se utilizara esa se\u00f1al\u00e9tica \u00aben la oferta de productos objeto de fiscalizaci\u00f3n, que no se encuentren incluidos en los Anexos<\/strong>\u00a0de los convenios correspondientes\u00bb.<\/p>\n<p>Por \u00faltimo, se fijan multas de $250.000 a medio mill\u00f3n de pesos al \u00abestablecimiento de alguna restricci\u00f3n al n\u00famero de productos de venta por consumidor o grupo familiar sin que est\u00e9 previamente autorizado por la Secretar\u00eda de Comercio\u00bb.<\/p>\n<p>La norma precisa que,\u00a0<strong>en caso de reincidencia, \u00abse podr\u00e1 aplicar un incremento de hasta el 40% de las multas\u00bb<\/strong>, incremento que podr\u00e1 llegar al 100% \u00aben el caso de segunda reincidencia\u00bb<strong>(VW)<\/strong>.<\/p>\n<p>&nbsp;<\/p>\n","protected":false},"excerpt":{"rendered":"<p>Las alimentarias que firmaron el convenio tendr\u00e1n la obligaci\u00f3n de exhibir en g\u00f3ndolas al menos el 80% de los productos acordados.<\/p>\n","protected":false},"author":3,"featured_media":1345,"comment_status":"closed","ping_status":"closed","sticky":false,"template":"","format":"standard","meta":{"_monsterinsights_skip_tracking":false,"_monsterinsights_sitenote_active":false,"_monsterinsights_sitenote_note":"","_monsterinsights_sitenote_category":0,"footnotes":""},"categories":[6,1822],"tags":[363,757,47],"class_list":["post-8450","post","type-post","status-publish","format-standard","has-post-thumbnail","hentry","category-economia","category-internacionales","tag-gondolas","tag-multas","tag-precios"],"_links":{"self":[{"href":"https:\/\/www.visionweb.com.ar\/index.php?rest_route=\/wp\/v2\/posts\/8450","targetHints":{"allow":["GET"]}}],"collection":[{"href":"https:\/\/www.visionweb.com.ar\/index.php?rest_route=\/wp\/v2\/posts"}],"about":[{"href":"https:\/\/www.visionweb.com.ar\/index.php?rest_route=\/wp\/v2\/types\/post"}],"author":[{"embeddable":true,"href":"https:\/\/www.visionweb.com.ar\/index.php?rest_route=\/wp\/v2\/users\/3"}],"replies":[{"embeddable":true,"href":"https:\/\/www.visionweb.com.ar\/index.php?rest_route=%2Fwp%2Fv2%2Fcomments&post=8450"}],"version-history":[{"count":4,"href":"https:\/\/www.visionweb.com.ar\/index.php?rest_route=\/wp\/v2\/posts\/8450\/revisions"}],"predecessor-version":[{"id":8454,"href":"https:\/\/www.visionweb.com.ar\/index.php?rest_route=\/wp\/v2\/posts\/8450\/revisions\/8454"}],"wp:featuredmedia":[{"embeddable":true,"href":"https:\/\/www.visionweb.com.ar\/index.php?rest_route=\/wp\/v2\/media\/1345"}],"wp:attachment":[{"href":"https:\/\/www.visionweb.com.ar\/index.php?rest_route=%2Fwp%2Fv2%2Fmedia&parent=8450"}],"wp:term":[{"taxonomy":"category","embeddable":true,"href":"https:\/\/www.visionweb.com.ar\/index.php?rest_route=%2Fwp%2Fv2%2Fcategories&post=8450"},{"taxonomy":"post_tag","embeddable":true,"href":"https:\/\/www.visionweb.com.ar\/index.php?rest_route=%2Fwp%2Fv2%2Ftags&post=8450"}],"curies":[{"name":"wp","href":"https:\/\/api.w.org\/{rel}","templated":true}]}}