{"id":8440,"date":"2022-11-30T14:03:10","date_gmt":"2022-11-30T17:03:10","guid":{"rendered":"https:\/\/www.visionweb.com.ar\/?p=8440"},"modified":"2022-11-30T14:03:10","modified_gmt":"2022-11-30T17:03:10","slug":"mundial-qatar-la-formacion-de-la-seleccion-argentina-y-la-camiseta","status":"publish","type":"post","link":"https:\/\/www.visionweb.com.ar\/?p=8440","title":{"rendered":"Mundial Qatar: La formaci\u00f3n de la Selecci\u00f3n Argentina y la camiseta"},"content":{"rendered":"<p><em><strong>Hoy algo in\u00e9dito en la historia del conjunto nacional: La camiseta violeta.\u00a0El entusiasmo, la expectativa y toda la ilusi\u00f3n en un partido trascendental. Vamos Argentina!<\/strong><\/em><!--more--><\/p>\n<div id=\"attachment_8442\" style=\"width: 310px\" class=\"wp-caption alignleft\"><img loading=\"lazy\" decoding=\"async\" aria-describedby=\"caption-attachment-8442\" class=\"wp-image-8442 size-medium\" src=\"https:\/\/www.visionweb.com.ar\/wp-content\/uploads\/2022\/11\/camiseta-violeta.-foto-AP-300x205.jpg\" alt=\"\" width=\"300\" height=\"205\" srcset=\"https:\/\/www.visionweb.com.ar\/wp-content\/uploads\/2022\/11\/camiseta-violeta.-foto-AP-300x205.jpg 300w, https:\/\/www.visionweb.com.ar\/wp-content\/uploads\/2022\/11\/camiseta-violeta.-foto-AP.bmp 645w\" sizes=\"auto, (max-width: 300px) 100vw, 300px\" \/><p id=\"caption-attachment-8442\" class=\"wp-caption-text\">La Selecci\u00f3n con camiseta alternativa. Foto AP<\/p><\/div>\n<p><strong>L<\/strong>a Selecci\u00f3n juega hoy contra Polonia en el Estadio 974 de Doha a las 16 (hora de Argentina). El DT. <strong>Scaloni<\/strong> prepara el mejor equipo para disputar el \u00faltimo partido de la fase de grupos en el <strong>Mundial de Qatar 2022<\/strong>.<\/p>\n<p>Con este partido <strong>se cierra el Grupo C<\/strong> del Mundial, y con el interrogante de la composici\u00f3n del mediocampo, luego del \u00e9xito del partido con M\u00e9xico.<\/p>\n<p>El DT <strong>Lionel\u00a0Scaloni<\/strong> dej\u00f3 en la previa algunas definiciones en cuanto a la formaci\u00f3n: jugar\u00e1 con l\u00ednea de 4 en el fondo, y es muy probable que <strong>Enzo Fern\u00e1ndez sea titular<\/strong>. As\u00ed, con <strong>Lionel Messi<\/strong> como fija, el entrenador Lionel Scaloni define el once titular.<\/p>\n<p>Y esta ser\u00eda la posible formaci\u00f3n de la Selecci\u00f3n: Emiliano\u00a0<strong>Mart\u00ednez<\/strong>; Nahuel<strong>\u00a0<\/strong><strong>Molina<\/strong>, Nicol\u00e1s\u00a0<strong>Otamendi<\/strong>, Cristian\u00a0<strong>Romero<\/strong>, Marcos\u00a0<strong>Acu\u00f1a<\/strong>; Rodrigo\u00a0<strong>De Paul<\/strong>, -Enzo\u00a0<strong>Fern\u00e1ndez <\/strong>o<strong>\u00a0<\/strong>Leandro\u00a0<strong>Paredes-<\/strong>;\u00a0Alexis\u00a0<strong>Mac Allister<\/strong>; \u00c1ngel\u00a0<strong>Di Mar\u00eda<\/strong>, Lautaro\u00a0<strong>Mart\u00ednez\u00a0<\/strong>y Lionel\u00a0<strong>Messi<\/strong>.<\/p>\n<p>Luego de usar la tradicional camiseta celeste y blanca contra Arabia Saudita y M\u00e9xico, <strong>la Selecci\u00f3n<\/strong><strong> cambiar\u00e1 hoy la vestimenta<\/strong>\u00a0y utilizar\u00e1 la <strong>alternativa<\/strong> que tanta controversia trajo al ser anunciada.<\/p>\n<p>Tal es as\u00ed que lucir\u00e1n hoy una camiseta<strong>\u00a0<\/strong><strong>color violeta, algo in\u00e9dito en la historia<\/strong>\u00a0<strong>del conjunto nacional<\/strong> y muy diferente a aquel azul de anteriores mundiales.<\/p>\n<p>Desde Adidas, en su momento cuando fue presentada, explicaron que \u00abest\u00e1 inspirada en la igualdad de g\u00e9nero, una iniciativa que promueve los valores de diversidad e inclusi\u00f3n\u00bb.<\/p>\n<p><strong>\u00a0<\/strong><strong>La Selecci\u00f3n<\/strong><strong> ya la hab\u00eda usado<\/strong>\u00a0<strong>en el amistoso<\/strong> premundialista contra Emiratos \u00c1rabes Unidos. El antecedente fue positivo, ya que <strong>gan\u00f3 5-0 en ese encuentro<\/strong>. Buena c\u00e1bala. <strong>(VW)<\/strong><\/p>\n<p>&nbsp;<\/p>\n","protected":false},"excerpt":{"rendered":"<p>Hoy algo in\u00e9dito en la historia del conjunto nacional: La camiseta violeta.\u00a0El entusiasmo, la expectativa y toda la ilusi\u00f3n en un partido trascendental. Vamos Argentina!<\/p>\n","protected":false},"author":4,"featured_media":8442,"comment_status":"closed","ping_status":"closed","sticky":false,"template":"","format":"standard","meta":{"_monsterinsights_skip_tracking":false,"_monsterinsights_sitenote_active":false,"_monsterinsights_sitenote_note":"","_monsterinsights_sitenote_category":0,"footnotes":""},"categories":[3],"tags":[3533,3535,3534,2601],"class_list":["post-8440","post","type-post","status-publish","format-standard","has-post-thumbnail","hentry","category-actualidad","tag-argentiba-vs-polonia","tag-camiseta-violeta","tag-formacion","tag-mundial-qatar"],"_links":{"self":[{"href":"https:\/\/www.visionweb.com.ar\/index.php?rest_route=\/wp\/v2\/posts\/8440","targetHints":{"allow":["GET"]}}],"collection":[{"href":"https:\/\/www.visionweb.com.ar\/index.php?rest_route=\/wp\/v2\/posts"}],"about":[{"href":"https:\/\/www.visionweb.com.ar\/index.php?rest_route=\/wp\/v2\/types\/post"}],"author":[{"embeddable":true,"href":"https:\/\/www.visionweb.com.ar\/index.php?rest_route=\/wp\/v2\/users\/4"}],"replies":[{"embeddable":true,"href":"https:\/\/www.visionweb.com.ar\/index.php?rest_route=%2Fwp%2Fv2%2Fcomments&post=8440"}],"version-history":[{"count":2,"href":"https:\/\/www.visionweb.com.ar\/index.php?rest_route=\/wp\/v2\/posts\/8440\/revisions"}],"predecessor-version":[{"id":8443,"href":"https:\/\/www.visionweb.com.ar\/index.php?rest_route=\/wp\/v2\/posts\/8440\/revisions\/8443"}],"wp:featuredmedia":[{"embeddable":true,"href":"https:\/\/www.visionweb.com.ar\/index.php?rest_route=\/wp\/v2\/media\/8442"}],"wp:attachment":[{"href":"https:\/\/www.visionweb.com.ar\/index.php?rest_route=%2Fwp%2Fv2%2Fmedia&parent=8440"}],"wp:term":[{"taxonomy":"category","embeddable":true,"href":"https:\/\/www.visionweb.com.ar\/index.php?rest_route=%2Fwp%2Fv2%2Fcategories&post=8440"},{"taxonomy":"post_tag","embeddable":true,"href":"https:\/\/www.visionweb.com.ar\/index.php?rest_route=%2Fwp%2Fv2%2Ftags&post=8440"}],"curies":[{"name":"wp","href":"https:\/\/api.w.org\/{rel}","templated":true}]}}