{"id":8426,"date":"2022-11-30T11:35:30","date_gmt":"2022-11-30T14:35:30","guid":{"rendered":"https:\/\/www.visionweb.com.ar\/?p=8426"},"modified":"2022-11-30T11:36:47","modified_gmt":"2022-11-30T14:36:47","slug":"la-provincia-insiste-en-la-necesidad-de-vacunarse","status":"publish","type":"post","link":"https:\/\/www.visionweb.com.ar\/?p=8426","title":{"rendered":"La Provincia insiste en la necesidad de vacunarse"},"content":{"rendered":"<p><em><strong>Es por la suba de contagios de casos de Covid. En el pa\u00eds se detect\u00f3 tambi\u00e9n un aumento de los casos de contagio.<\/strong><\/em> <!--more--><\/p>\n<p><strong>\u00a0 \u00a0 \u00a0 <img loading=\"lazy\" decoding=\"async\" class=\"size-medium wp-image-5793 alignleft\" src=\"https:\/\/www.visionweb.com.ar\/wp-content\/uploads\/2022\/05\/COVID-300x200.png\" alt=\"\" width=\"300\" height=\"200\" srcset=\"https:\/\/www.visionweb.com.ar\/wp-content\/uploads\/2022\/05\/COVID-300x200.png 300w, https:\/\/www.visionweb.com.ar\/wp-content\/uploads\/2022\/05\/COVID.png 640w\" sizes=\"auto, (max-width: 300px) 100vw, 300px\" \/>\u00a0E<\/strong>l ministro de Salud bonaerense, Nicol\u00e1s Kreplak, volvi\u00f3 a pedir este mi\u00e9rcoles a la poblaci\u00f3n que complete los esquemas de vacunaci\u00f3n contra el coronavirus \u201cpara encarar el verano con inmunidad en el caso de que haya un rebrote de la enfermedad\u201d, y recomend\u00f3 el uso de barbijos en lugares.<\/p>\n<p>\u201cLos casos vienen aumentando en todo el mundo, hay rebrote en Estados Unidos, Europa y Brasil y, hace una semana en el pa\u00eds tambi\u00e9n subieron los contagios. Por eso, es el momento justo para vacunarse y encarar el verano con inmunidad\u201d, expres\u00f3 el funcionario en declaraciones a Radio Provincia.<\/p>\n<p>En ese marco, el titular de la cartera sanitaria destac\u00f3 la necesidad de que las personas mayores de 50 a\u00f1os, el personal de salud, quienes tengan comorbilidades y que hayan recibido su segundo refuerzo hace m\u00e1s de cuatro meses \u201casistan sin turno a cualquier vacunatorio y se apliquen la dosis contra el coronavirus\u201d<strong>(VW)<\/strong>.<\/p>\n","protected":false},"excerpt":{"rendered":"<p>Es por la suba de contagios de casos de Covid. En el pa\u00eds se detect\u00f3 tambi\u00e9n un aumento de los casos de contagio.<\/p>\n","protected":false},"author":3,"featured_media":5793,"comment_status":"closed","ping_status":"closed","sticky":false,"template":"","format":"standard","meta":{"_monsterinsights_skip_tracking":false,"_monsterinsights_sitenote_active":false,"_monsterinsights_sitenote_note":"","_monsterinsights_sitenote_category":0,"footnotes":""},"categories":[3],"tags":[58,367,178],"class_list":["post-8426","post","type-post","status-publish","format-standard","has-post-thumbnail","hentry","category-actualidad","tag-aumento","tag-covid","tag-vacunas"],"_links":{"self":[{"href":"https:\/\/www.visionweb.com.ar\/index.php?rest_route=\/wp\/v2\/posts\/8426","targetHints":{"allow":["GET"]}}],"collection":[{"href":"https:\/\/www.visionweb.com.ar\/index.php?rest_route=\/wp\/v2\/posts"}],"about":[{"href":"https:\/\/www.visionweb.com.ar\/index.php?rest_route=\/wp\/v2\/types\/post"}],"author":[{"embeddable":true,"href":"https:\/\/www.visionweb.com.ar\/index.php?rest_route=\/wp\/v2\/users\/3"}],"replies":[{"embeddable":true,"href":"https:\/\/www.visionweb.com.ar\/index.php?rest_route=%2Fwp%2Fv2%2Fcomments&post=8426"}],"version-history":[{"count":3,"href":"https:\/\/www.visionweb.com.ar\/index.php?rest_route=\/wp\/v2\/posts\/8426\/revisions"}],"predecessor-version":[{"id":8429,"href":"https:\/\/www.visionweb.com.ar\/index.php?rest_route=\/wp\/v2\/posts\/8426\/revisions\/8429"}],"wp:featuredmedia":[{"embeddable":true,"href":"https:\/\/www.visionweb.com.ar\/index.php?rest_route=\/wp\/v2\/media\/5793"}],"wp:attachment":[{"href":"https:\/\/www.visionweb.com.ar\/index.php?rest_route=%2Fwp%2Fv2%2Fmedia&parent=8426"}],"wp:term":[{"taxonomy":"category","embeddable":true,"href":"https:\/\/www.visionweb.com.ar\/index.php?rest_route=%2Fwp%2Fv2%2Fcategories&post=8426"},{"taxonomy":"post_tag","embeddable":true,"href":"https:\/\/www.visionweb.com.ar\/index.php?rest_route=%2Fwp%2Fv2%2Ftags&post=8426"}],"curies":[{"name":"wp","href":"https:\/\/api.w.org\/{rel}","templated":true}]}}