{"id":8418,"date":"2022-11-29T10:59:06","date_gmt":"2022-11-29T13:59:06","guid":{"rendered":"https:\/\/www.visionweb.com.ar\/?p=8418"},"modified":"2022-11-29T10:59:06","modified_gmt":"2022-11-29T13:59:06","slug":"reglamentaron-la-ley-de-gestion-integral-de-residuos-domiciliarios","status":"publish","type":"post","link":"https:\/\/www.visionweb.com.ar\/?p=8418","title":{"rendered":"Reglamentaron la Ley de Gesti\u00f3n Integral de Residuos Domiciliarios"},"content":{"rendered":"<p><em><strong>La diferenciaci\u00f3n ser\u00e1 por colores: Los residuos secos valorizables (verde), los considerados basura (negro), los residuos org\u00e1nicos valorizables (marr\u00f3n), los pl\u00e1sticos (amarillo), los papeles y cart\u00f3n (azul), los residuos de vidrios (blanco) y los de metales (gris)<\/strong>.<\/em><!--more--><\/p>\n<p><em><strong><img loading=\"lazy\" decoding=\"async\" class=\"size-medium wp-image-8420 alignleft\" src=\"https:\/\/www.visionweb.com.ar\/wp-content\/uploads\/2022\/11\/Residuos-reglamentacion-300x174.jpg\" alt=\"\" width=\"300\" height=\"174\" srcset=\"https:\/\/www.visionweb.com.ar\/wp-content\/uploads\/2022\/11\/Residuos-reglamentacion-300x174.jpg 300w, https:\/\/www.visionweb.com.ar\/wp-content\/uploads\/2022\/11\/Residuos-reglamentacion.bmp 657w\" sizes=\"auto, (max-width: 300px) 100vw, 300px\" \/>\u00a0<\/strong><\/em><strong>\u00a0 E<\/strong>l Gobierno reglament\u00f3 hoy la <strong>Ley de Gesti\u00f3n Integral de Residuos Domiciliarios N\u00ba 25.916<\/strong>, que<strong> crea un c\u00f3digo unificado de siete colores para la clasificaci\u00f3n de residuos<\/strong>\u00a0en la fuente de origen, \u201cfomentando la cultura ciudadana y facilitando la <strong>valorizaci\u00f3n de residuos<\/strong> en todo el pa\u00eds\u201d.<\/p>\n<p>La normativa fue publicada ayer lunes 28, en el Bolet\u00edn Oficial a trav\u00e9s del <strong>Decreto 779\/2022<\/strong>, firmado por el presidente Alberto Fern\u00e1ndez; el jefe de Gabinete, Juan Manzur; y el ministro de Ambiente y Desarrollo Sostenible, Juan Cabandi\u00e9, y reglamenta la Ley de Gesti\u00f3n Integral de Residuos Domiciliarios que hab\u00eda sido sancionada en 2004.<\/p>\n<p>A la vez, aprueba el \u201cC\u00f3digo unificado de <strong>colores para la clasificaci\u00f3n e identificaci\u00f3n de fracciones de residuos domiciliarios<\/strong>\u201d, que genera un est\u00e1ndar com\u00fan para todo el territorio nacional.<\/p>\n<p>En el Anexo II, se recomienda a las provincias y la Ciudad Aut\u00f3noma de Buenos Aires adoptar un sistema de gesti\u00f3n integral que contemple siete fracciones de residuos con sus respectivos colores:\u00a0<strong>los residuos secos valorizables (verde), los considerados basura (negro), los residuos org\u00e1nicos valorizables (marr\u00f3n), los pl\u00e1sticos (amarillo), los papeles y cart\u00f3n (azul), los residuos de vidrios (blanco) y los de metales (gris)<\/strong>.<\/p>\n<p>Los residuos deber\u00e1n ser colocados en <strong>contendedores para cada clase de residuos y, preferentemente, las bolsas tendr\u00e1n que ser del mismo color que el contenedor o transparentes para que se pueda identificar el contenido.<\/strong><\/p>\n<p>Entre los fundamentos, el decreto record\u00f3 que la Constituci\u00f3n Nacional consagra \u201cel derecho de todas y todos los habitantes de la Naci\u00f3n a <strong>gozar de un ambiente sano<\/strong>, equilibrado, apto para el desarrollo humano y para que las actividades productivas satisfagan las necesidades presentes sin comprometer las de las generaciones futuras\u201d.<\/p>\n<p>Entre las actualizaciones de la ley que establece la reglamentaci\u00f3n, se destaca el principio de responsabilidad extendida al productor, que implica que los\u00a0<strong>fabricantes e importadores deben financiar la gesti\u00f3n integral de productos que luego de consumidos devienen en residuos domiciliarios<\/strong>.<\/p>\n<p>Se trata de aquellos residuos considerados especiales como los aparatos el\u00e9ctricos y electr\u00f3nicos; las pilas y bater\u00edas port\u00e1tiles; neum\u00e1ticos de desecho; pinturas y solventes; l\u00e1mparas de bajo consumo con mercurio; entre otros.<\/p>\n<p>Tambi\u00e9n con la reglamentaci\u00f3n se ampli\u00f3 la definici\u00f3n de <strong>residuos domiciliarios <\/strong>que ahora incluye aquellos elementos, objetos o sustancias, que se generan y desechan como consecuencia de actividades dom\u00e9sticas realizadas en los n\u00facleos urbanos y rurales, comprendiendo aquellos de caracter\u00edsticas similares que sean de origen comercial, institucional, asistencial e industrial.<\/p>\n<p>El ministro de Ambiente y Desarrollo Sostenible ser\u00e1 la autoridad de aplicaci\u00f3n de la ley y se encargar\u00e1 de <strong>crear los programas de cumplimiento e implementaci\u00f3n gradual<\/strong> para promover la valorizaci\u00f3n de residuos, conforme indica el art\u00edculo 2.<\/p>\n<p>Si bien la norma no establece plazos de adecuaci\u00f3n, el Consejo Federal de Medio Ambiente (Cofema) abordar\u00e1 los objetivos de la ley procurando que <strong>se adopte progresivamente en la totalidad de jurisdicciones<\/strong> del pa\u00eds. <strong>(VW)<\/strong><\/p>\n<p><strong>\u00a0<\/strong><\/p>\n","protected":false},"excerpt":{"rendered":"<p>La diferenciaci\u00f3n ser\u00e1 por colores: Los residuos secos valorizables (verde), los considerados basura (negro), los residuos org\u00e1nicos valorizables (marr\u00f3n), los pl\u00e1sticos (amarillo), los papeles y cart\u00f3n (azul), los residuos de vidrios (blanco) y los&#46;&#46;&#46;<\/p>\n","protected":false},"author":4,"featured_media":8420,"comment_status":"closed","ping_status":"closed","sticky":false,"template":"","format":"standard","meta":{"_monsterinsights_skip_tracking":false,"_monsterinsights_sitenote_active":false,"_monsterinsights_sitenote_note":"","_monsterinsights_sitenote_category":0,"footnotes":""},"categories":[3],"tags":[3523,3521,3520,3522],"class_list":["post-8418","post","type-post","status-publish","format-standard","has-post-thumbnail","hentry","category-actualidad","tag-colores-contenedores","tag-decreto-779-2022","tag-reglamentaron-ley-de-residuos","tag-residuos-domiciliarios"],"_links":{"self":[{"href":"https:\/\/www.visionweb.com.ar\/index.php?rest_route=\/wp\/v2\/posts\/8418","targetHints":{"allow":["GET"]}}],"collection":[{"href":"https:\/\/www.visionweb.com.ar\/index.php?rest_route=\/wp\/v2\/posts"}],"about":[{"href":"https:\/\/www.visionweb.com.ar\/index.php?rest_route=\/wp\/v2\/types\/post"}],"author":[{"embeddable":true,"href":"https:\/\/www.visionweb.com.ar\/index.php?rest_route=\/wp\/v2\/users\/4"}],"replies":[{"embeddable":true,"href":"https:\/\/www.visionweb.com.ar\/index.php?rest_route=%2Fwp%2Fv2%2Fcomments&post=8418"}],"version-history":[{"count":2,"href":"https:\/\/www.visionweb.com.ar\/index.php?rest_route=\/wp\/v2\/posts\/8418\/revisions"}],"predecessor-version":[{"id":8421,"href":"https:\/\/www.visionweb.com.ar\/index.php?rest_route=\/wp\/v2\/posts\/8418\/revisions\/8421"}],"wp:featuredmedia":[{"embeddable":true,"href":"https:\/\/www.visionweb.com.ar\/index.php?rest_route=\/wp\/v2\/media\/8420"}],"wp:attachment":[{"href":"https:\/\/www.visionweb.com.ar\/index.php?rest_route=%2Fwp%2Fv2%2Fmedia&parent=8418"}],"wp:term":[{"taxonomy":"category","embeddable":true,"href":"https:\/\/www.visionweb.com.ar\/index.php?rest_route=%2Fwp%2Fv2%2Fcategories&post=8418"},{"taxonomy":"post_tag","embeddable":true,"href":"https:\/\/www.visionweb.com.ar\/index.php?rest_route=%2Fwp%2Fv2%2Ftags&post=8418"}],"curies":[{"name":"wp","href":"https:\/\/api.w.org\/{rel}","templated":true}]}}