{"id":8414,"date":"2022-11-29T10:37:15","date_gmt":"2022-11-29T13:37:15","guid":{"rendered":"https:\/\/www.visionweb.com.ar\/?p=8414"},"modified":"2022-11-29T10:37:15","modified_gmt":"2022-11-29T13:37:15","slug":"buscan-convertir-en-ley-el-programa-previaje","status":"publish","type":"post","link":"https:\/\/www.visionweb.com.ar\/?p=8414","title":{"rendered":"Buscan convertir en ley el Programa Previaje"},"content":{"rendered":"<p><em><strong>Desde la CAME trabajan para lograrlo: \u201cEstamos trabajando fuertemente en todos los sectores para que sea ley\u201d, dijo Gonz\u00e1lez.<\/strong><\/em><!--more--><\/p>\n<div id=\"attachment_8416\" style=\"width: 310px\" class=\"wp-caption alignright\"><img loading=\"lazy\" decoding=\"async\" aria-describedby=\"caption-attachment-8416\" class=\"wp-image-8416 size-medium\" src=\"https:\/\/www.visionweb.com.ar\/wp-content\/uploads\/2022\/11\/Punta-perdices-rio-negro-300x235.jpg\" alt=\"\" width=\"300\" height=\"235\" srcset=\"https:\/\/www.visionweb.com.ar\/wp-content\/uploads\/2022\/11\/Punta-perdices-rio-negro-300x235.jpg 300w, https:\/\/www.visionweb.com.ar\/wp-content\/uploads\/2022\/11\/Punta-perdices-rio-negro.jpg 705w\" sizes=\"auto, (max-width: 300px) 100vw, 300px\" \/><p id=\"caption-attachment-8416\" class=\"wp-caption-text\">Punta Perdices, R\u00edo Negro. Foto: internet<\/p><\/div>\n<p><strong>\u00a0 \u00a0 \u00a0 E<\/strong>l presidente de la Confederaci\u00f3n Argentina de la Mediana Empresa (<strong>CAME<\/strong>), <strong>Alfredo Gonz\u00e1lez<\/strong>,\u00a0frente a la importancia del programa PreViaje para la reactivaci\u00f3n del segmento tur\u00edstico, adelant\u00f3 que est\u00e1n <strong>\u201ctrabajando fuertemente para que sea ley\u201d<\/strong>.<\/p>\n<p>El Programa, que impuls\u00f3 el Ministerio de Turismo y Deportes, obtuvo excelentes resultados: \u201cAplaudimos cada PreViaje que se va llevando adelante y\u00a0<strong>estamos trabajando fuertemente en todos los sectores para que sea ley<\/strong>\u201d, dijo Alfredo Gonz\u00e1lez en declaraciones a Radio T\u00e9lam.<\/p>\n<p>Gonz\u00e1lez se refiri\u00f3 a los \u201cmuy buenos n\u00fameros\u201d generales que viene exponiendo 2022 para el turismo nacional: \u201cFueron n\u00fameros muy buenos y tuvieron que ver muchas cosas. Si vemos lo econ\u00f3mico tuvo mucho que ver el <strong>PreViaje 1, 2<\/strong> y ahora el 3, pero principalmente los dos primeros que trabajaron en un nivel que hizo que la gente y todo el sector se movilizaran\u201d, detall\u00f3.<\/p>\n<p>A la vez, el dirigente subray\u00f3 que \u201c<strong>se motoriz\u00f3 todo el sistema productivo<\/strong>, hoteler\u00eda, gastronom\u00eda, sectores a los que m\u00e1s les peg\u00f3 la pandemia y fueron los \u00faltimos rubros que comenzaron a trabajar\u201d.<\/p>\n<p>Respecto del verano que se avecina, Gonz\u00e1lez dijo que tiene \u201c<strong>grandes esperanzas y expectativas en el turismo interno<\/strong>\u201d y pronostic\u00f3 que \u201cva a ser una temporada exitosa, no solamente para los puntos tur\u00edsticos cl\u00e1sicos\u201d.<\/p>\n<p>\u201cEn los dos \u00faltimos a\u00f1os se han descubierto y redescubierto <strong>nuevos lugares del turismo nacional<\/strong>. Fines de semana largo, turismo de reuniones, turismo deportivo en donde el turismo natural no es la fortaleza\u201d, analiz\u00f3.<\/p>\n<p>En esa l\u00ednea, el ministro de Turismo y Deportes, Mat\u00edas Lammens, ya confirm\u00f3 la realizaci\u00f3n de\u00a0<strong>Previaje 4\u00a0<\/strong>que funcionar\u00eda durante entre los meses oto\u00f1ales del pr\u00f3ximo a\u00f1o, m\u00e1s precisamente entre abril y mayo, aunque no descartan, adem\u00e1s, sumar junio.<\/p>\n<p>La iniciativa que ya cuenta con fondos en el Presupuesto 2023, fue calificada por Lammens como un\u00a0<strong>programa \u201cvirtuoso desde muchos puntos de vista.\u201d<\/strong><\/p>\n<p>Previaje es un programa de preventa tur\u00edstica que reintegra el 50 por ciento del valor del viaje, para disfrutar de todos los destinos de Argentina, que hasta el momento benefici\u00f3 a 6 millones de turistas.<strong> (VW)<\/strong><\/p>\n<p>&nbsp;<\/p>\n","protected":false},"excerpt":{"rendered":"<p>Desde la CAME trabajan para lograrlo: \u201cEstamos trabajando fuertemente en todos los sectores para que sea ley\u201d, dijo Gonz\u00e1lez.<\/p>\n","protected":false},"author":4,"featured_media":8416,"comment_status":"closed","ping_status":"closed","sticky":false,"template":"","format":"standard","meta":{"_monsterinsights_skip_tracking":false,"_monsterinsights_sitenote_active":false,"_monsterinsights_sitenote_note":"","_monsterinsights_sitenote_category":0,"footnotes":""},"categories":[6,700],"tags":[3519,309,3142,202,789],"class_list":["post-8414","post","type-post","status-publish","format-standard","has-post-thumbnail","hentry","category-economia","category-turismo","tag-alfredo-gonzalez","tag-came","tag-matias-lammens","tag-previaje","tag-proyecto-de-ley"],"_links":{"self":[{"href":"https:\/\/www.visionweb.com.ar\/index.php?rest_route=\/wp\/v2\/posts\/8414","targetHints":{"allow":["GET"]}}],"collection":[{"href":"https:\/\/www.visionweb.com.ar\/index.php?rest_route=\/wp\/v2\/posts"}],"about":[{"href":"https:\/\/www.visionweb.com.ar\/index.php?rest_route=\/wp\/v2\/types\/post"}],"author":[{"embeddable":true,"href":"https:\/\/www.visionweb.com.ar\/index.php?rest_route=\/wp\/v2\/users\/4"}],"replies":[{"embeddable":true,"href":"https:\/\/www.visionweb.com.ar\/index.php?rest_route=%2Fwp%2Fv2%2Fcomments&post=8414"}],"version-history":[{"count":2,"href":"https:\/\/www.visionweb.com.ar\/index.php?rest_route=\/wp\/v2\/posts\/8414\/revisions"}],"predecessor-version":[{"id":8417,"href":"https:\/\/www.visionweb.com.ar\/index.php?rest_route=\/wp\/v2\/posts\/8414\/revisions\/8417"}],"wp:featuredmedia":[{"embeddable":true,"href":"https:\/\/www.visionweb.com.ar\/index.php?rest_route=\/wp\/v2\/media\/8416"}],"wp:attachment":[{"href":"https:\/\/www.visionweb.com.ar\/index.php?rest_route=%2Fwp%2Fv2%2Fmedia&parent=8414"}],"wp:term":[{"taxonomy":"category","embeddable":true,"href":"https:\/\/www.visionweb.com.ar\/index.php?rest_route=%2Fwp%2Fv2%2Fcategories&post=8414"},{"taxonomy":"post_tag","embeddable":true,"href":"https:\/\/www.visionweb.com.ar\/index.php?rest_route=%2Fwp%2Fv2%2Ftags&post=8414"}],"curies":[{"name":"wp","href":"https:\/\/api.w.org\/{rel}","templated":true}]}}