{"id":8410,"date":"2022-11-29T08:43:44","date_gmt":"2022-11-29T11:43:44","guid":{"rendered":"https:\/\/www.visionweb.com.ar\/?p=8410"},"modified":"2022-11-29T08:44:45","modified_gmt":"2022-11-29T11:44:45","slug":"el-nuevo-salario-minimo-sera-de-69-500","status":"publish","type":"post","link":"https:\/\/www.visionweb.com.ar\/?p=8410","title":{"rendered":"El nuevo salario m\u00ednimo ser\u00e1 de $69.500"},"content":{"rendered":"<p><em><strong>Los ajustes se pagar\u00e1n en cuatro tramos hasta marzo. Se ajustan jubilaciones y becas del Gobierno. El aumento es de 20%<\/strong><\/em><!--more--><\/p>\n<p><strong>\u00a0 \u00a0 \u00a0 \u00a0 <img loading=\"lazy\" decoding=\"async\" class=\"size-medium wp-image-8411 alignleft\" src=\"https:\/\/www.visionweb.com.ar\/wp-content\/uploads\/2022\/11\/CONSEJO-DEL-SALARIO-300x199.png\" alt=\"\" width=\"300\" height=\"199\" srcset=\"https:\/\/www.visionweb.com.ar\/wp-content\/uploads\/2022\/11\/CONSEJO-DEL-SALARIO-300x199.png 300w, https:\/\/www.visionweb.com.ar\/wp-content\/uploads\/2022\/11\/CONSEJO-DEL-SALARIO.png 640w\" sizes=\"auto, (max-width: 300px) 100vw, 300px\" \/> \u00a0E<\/strong>l Gobierno oficializ\u00f3 este martes el nuevo salario m\u00ednimo, vital y m\u00f3vil, que tendr\u00e1 un aumento del 20% dividido en cuatro tramos hasta llegar a $ 69.500 en marzo del a\u00f1o pr\u00f3ximo.<\/p>\n<p>El nuevo haber acordado la semana pasada en la reuni\u00f3n del Consejo del Salario M\u00ednimo, Vital y M\u00f3vil fue formalizado a trav\u00e9s de la resoluci\u00f3n 15\/2022, publicada en el Bolet\u00edn Oficial con la firma de la ministra de Trabajo, Raquel Kelly Olmos.<\/p>\n<p>As\u00ed, desde el 1 de diciembre el salario m\u00ednimo pasar\u00e1 desde los $ 57.900 actuales a $ 61.953 para todos los trabajadores mensualizados que cumplen la jornada legal completa de trabajo; el 1 de enero ser\u00e1 de $ 65.427; el 1\u00b0 de febrero se ubicar\u00e1 en $ 67.743 y el 1\u00b0 de marzo alcanzar\u00e1 $ 69.500.<\/p>\n<p>Tambi\u00e9n tendr\u00e1n aumentos los montos m\u00ednimos y m\u00e1ximos de la prestaci\u00f3n por desempleo: $28.681,35 a partir del 1\u00b0 de diciembre; $30.289,65 a partir del 1\u00b0 de enero; $31.361,85 a partir del 1\u00b0 de febrero y $32.175,26 a partir del 1\u00b0 de marzo, consignaron diferentes portales de noticias.<\/p>\n<p>Con la actualizaci\u00f3n del\u00a0m\u00ednimo, las prestaciones sociales como Potenciar Trabajo y el Programa Acompa\u00f1ar\u00a0se ver\u00e1n afectados. Al igual que los requisitos para acceder a las\u00a0Becas Progresar,\u00a0que dependen del Ministerio de Educaci\u00f3n, y la Asignaci\u00f3n Universal por Hijo (AUH) de la Administraci\u00f3n Nacional de la Seguridad Social (Anses).<\/p>\n<p>Para el caso del programa\u00a0Potenciar Trabajo, que depende del Ministerio de Desarrollo Social, sus montos se actualizan con los mismos porcentajes que el salario m\u00ednimo: 7% en diciembre de este a\u00f1o, 6% enero, 4% en febrero y 3% en marzo de 2023.<\/p>\n<p>El programa implica una carga horaria de media jornada (cuatro horas) en trabajos de distintos rubros, y recibe un monto igual al 50% del salario m\u00ednimo. Actualmente, Potenciar Trabajo otorga\u00a0$ 28.950\u00a0a casi un mill\u00f3n de personas. Llegar\u00e1 en marzo una \u00faltima actualizaci\u00f3n que la llevar\u00e1\u00a0a $ 34.750.<\/p>\n<p>En el caso de las Becas Progresar el impacto es\u00a0indirecto. Para esta ayuda salarial dirigida a estudiantes universitarios, el m\u00ednimo funciona como tope para la entrega de la beca de estudio. El beneficiario, menor de 24 a\u00f1os, lo cobra si su familia gana menos de tres salarios m\u00ednimos. Comenzar\u00e1 entonces con un tope entonces de $ 185.860 aproximadamente y cuando finalice la vigencia de este acuerdo rubricado entre gremios y empresarios el l\u00edmite de ingreso familiar para ingresar ser\u00eda de\u00a0$ 208.500\u00a0en marzo.<\/p>\n<p>En lo que respecta al seguro de desempleo, el rango que se paga actualmente, de entre\u00a0$16.083\u00a0y\u00a0$26.805, pasar\u00e1 en marzo pr\u00f3ximo a ser de\u00a0$19.300\u00a0y\u00a032.166\u00a0pesos con el 20% rubricado este martes.<\/p>\n<p>Finalmente, unos 1.200.000 jubilados y pensionados que cobran el haber m\u00ednimo ($ 50.124) a partir de diciembre y se jubilaron con 30 o m\u00e1s a\u00f1os de aportes efectivos, sin acudir a la moratoria, tendr\u00e1n un aumento de $ 677 en diciembre, $ 3.526 en enero y $ 5.425 en febrero. Esos importes se suman al bono de $ 10.000 que percibir\u00e1n en esos meses<strong>(VW)<\/strong>.<\/p>\n<p>&nbsp;<\/p>\n","protected":false},"excerpt":{"rendered":"<p>Los ajustes se pagar\u00e1n en cuatro tramos hasta marzo. Se ajustan jubilaciones y becas del Gobierno. El aumento es de 20%<\/p>\n","protected":false},"author":3,"featured_media":8411,"comment_status":"closed","ping_status":"closed","sticky":false,"template":"","format":"standard","meta":{"_monsterinsights_skip_tracking":false,"_monsterinsights_sitenote_active":false,"_monsterinsights_sitenote_note":"","_monsterinsights_sitenote_category":0,"footnotes":""},"categories":[8],"tags":[62,456,478,347,56],"class_list":["post-8410","post","type-post","status-publish","format-standard","has-post-thumbnail","hentry","category-interes-general","tag-ajustes","tag-becas","tag-jubilaciones","tag-marzo","tag-salarios"],"_links":{"self":[{"href":"https:\/\/www.visionweb.com.ar\/index.php?rest_route=\/wp\/v2\/posts\/8410","targetHints":{"allow":["GET"]}}],"collection":[{"href":"https:\/\/www.visionweb.com.ar\/index.php?rest_route=\/wp\/v2\/posts"}],"about":[{"href":"https:\/\/www.visionweb.com.ar\/index.php?rest_route=\/wp\/v2\/types\/post"}],"author":[{"embeddable":true,"href":"https:\/\/www.visionweb.com.ar\/index.php?rest_route=\/wp\/v2\/users\/3"}],"replies":[{"embeddable":true,"href":"https:\/\/www.visionweb.com.ar\/index.php?rest_route=%2Fwp%2Fv2%2Fcomments&post=8410"}],"version-history":[{"count":2,"href":"https:\/\/www.visionweb.com.ar\/index.php?rest_route=\/wp\/v2\/posts\/8410\/revisions"}],"predecessor-version":[{"id":8413,"href":"https:\/\/www.visionweb.com.ar\/index.php?rest_route=\/wp\/v2\/posts\/8410\/revisions\/8413"}],"wp:featuredmedia":[{"embeddable":true,"href":"https:\/\/www.visionweb.com.ar\/index.php?rest_route=\/wp\/v2\/media\/8411"}],"wp:attachment":[{"href":"https:\/\/www.visionweb.com.ar\/index.php?rest_route=%2Fwp%2Fv2%2Fmedia&parent=8410"}],"wp:term":[{"taxonomy":"category","embeddable":true,"href":"https:\/\/www.visionweb.com.ar\/index.php?rest_route=%2Fwp%2Fv2%2Fcategories&post=8410"},{"taxonomy":"post_tag","embeddable":true,"href":"https:\/\/www.visionweb.com.ar\/index.php?rest_route=%2Fwp%2Fv2%2Ftags&post=8410"}],"curies":[{"name":"wp","href":"https:\/\/api.w.org\/{rel}","templated":true}]}}