{"id":8407,"date":"2022-11-29T08:16:23","date_gmt":"2022-11-29T11:16:23","guid":{"rendered":"https:\/\/www.visionweb.com.ar\/?p=8407"},"modified":"2022-11-29T08:16:23","modified_gmt":"2022-11-29T11:16:23","slug":"futbol-femenino-banfield-ascendio-porque-tiene-una-familia-atras","status":"publish","type":"post","link":"https:\/\/www.visionweb.com.ar\/?p=8407","title":{"rendered":"F\u00fatbol femenino: Banfield ascendi\u00f3 porque tiene una familia atr\u00e1s"},"content":{"rendered":"<p><strong><em>El plantel de Futbol Femenino de Banfield jugar\u00e1 la siguiente temporada en la Primera Divisi\u00f3n luego de vencer a Argentino de Rosario en la final del reducido, con un global de 3-2<\/em><\/strong><!--more--><\/p>\n<p><strong>\u00a0 \u00a0 \u00a0 <img loading=\"lazy\" decoding=\"async\" class=\"size-medium wp-image-8408 alignright\" src=\"https:\/\/www.visionweb.com.ar\/wp-content\/uploads\/2022\/11\/BANFIELD-FUTBOL-FEMENINO-300x167.png\" alt=\"\" width=\"300\" height=\"167\" srcset=\"https:\/\/www.visionweb.com.ar\/wp-content\/uploads\/2022\/11\/BANFIELD-FUTBOL-FEMENINO-300x167.png 300w, https:\/\/www.visionweb.com.ar\/wp-content\/uploads\/2022\/11\/BANFIELD-FUTBOL-FEMENINO-768x426.png 768w, https:\/\/www.visionweb.com.ar\/wp-content\/uploads\/2022\/11\/BANFIELD-FUTBOL-FEMENINO.png 800w\" sizes=\"auto, (max-width: 300px) 100vw, 300px\" \/>\u00a0L<\/strong>a delantera del plantel femenino de Banfield, Valentina Bosio subray\u00f3 que el \u201cTaladro\u201d merec\u00eda lograr el ascenso a la Primera Divisi\u00f3n, luego de competir dos a\u00f1os consecutivos en instancias finales sin lograr el objetivo.<\/p>\n<p>Bosio manifest\u00f3 que el logro se dio porque\u00a0<strong>\u201ctienen una familia atr\u00e1s que est\u00e1 hace 11 meses\u201d\u00a0<\/strong>con el apoyo al plantel \u201cdesde que arrancaron a entrenar\u201d y \u201cse vio reflejado con la actitud y las ganas de ir para adelante por nuestras familias y las inferiores del femenino de Banfield\u201d.<\/p>\n<p>Las futbolistas del elenco del sur del Conurbano bonaerense se impusieron en la final del reducido por el segundo ascenso a la m\u00e1xima categor\u00eda,\u00a0<strong>tras vencer 3-1 a Argentino de Rosario\u00a0<\/strong>en el estadio Florencio Sola. Las dirigidas por Indiana Mart\u00ednez hab\u00edan perdido la final de ida en Rosario 1-0 por lo que el global resultado global fue de 3-2.<\/p>\n<p>En di\u00e1logo con AUNO, la delantera remarc\u00f3 que jugar en el Lencho es \u201cuna manera de sacar el partido adelante\u201d porque \u201cfue una alegr\u00eda enorme\u201d que los hinchas del club las apoyen.<strong>\u00a0\u201cSab\u00edamos que iba a ser una final complicada, lo fue y el apoyo de la gente hizo que pudi\u00e9ramos dar vuelta el resultado\u201d<\/strong>, subray\u00f3.<\/p>\n<p>Banfield inici\u00f3 el partido sabiendo que\u00a0<strong>necesitaban una diferencia de dos goles para consagrarse, y que con la diferencia m\u00ednima forzaban la definici\u00f3n por penales<\/strong>. El encuentro fue complejo para el elenco bonaerense debido a que al inicio del segundo tiempo Argentino de Rosario convirti\u00f3 el primero del partido, poniendo un 0-2 en el global. Con dos goles de Natalia Rea, y otro en contra, sobre el final y bajo una intensa lluvia, pudieron festejar el ascenso.<\/p>\n<p>\u201cNos metieron el gol, fuimos a buscar la pelota y sab\u00edamos que pod\u00edamos darlo vuelta, nunca pensamos en rendirlo, si pens\u00e1bamos \u2018Estamos 2-0 abajo\u2019, pero al toque te olvid\u00e1s y ves que te siguen alentando y si conf\u00edan en nosotras, tenemos que confiar en nosotras mismas\u201d, record\u00f3 Bosio sobre el encuentro.<\/p>\n<p>La delantera enfatiz\u00f3 que sinti\u00f3 \u201cun\u00a0<em>d\u00e9j\u00e0 vu\u00a0<\/em>con finales anteriores\u201d cuando Argentino de Rosario convirti\u00f3 el gol del 1-0 en la cancha de Banfield, pero que se mentaliz\u00f3 con que no pod\u00edan \u201cperder otra final porque la tercera era la vencida\u201d<strong>(VW\/AUNO).<\/strong><\/p>\n<p>&nbsp;<\/p>\n","protected":false},"excerpt":{"rendered":"<p>El plantel de Futbol Femenino de Banfield jugar\u00e1 la siguiente temporada en la Primera Divisi\u00f3n luego de vencer a Argentino de Rosario en la final del reducido, con un global de 3-2<\/p>\n","protected":false},"author":3,"featured_media":8408,"comment_status":"closed","ping_status":"closed","sticky":false,"template":"","format":"standard","meta":{"_monsterinsights_skip_tracking":false,"_monsterinsights_sitenote_active":false,"_monsterinsights_sitenote_note":"","_monsterinsights_sitenote_category":0,"footnotes":""},"categories":[8,5],"tags":[3518,681,3517],"class_list":["post-8407","post","type-post","status-publish","format-standard","has-post-thumbnail","hentry","category-interes-general","category-sociedad","tag-ascenso","tag-banfield","tag-futbol-femenino"],"_links":{"self":[{"href":"https:\/\/www.visionweb.com.ar\/index.php?rest_route=\/wp\/v2\/posts\/8407","targetHints":{"allow":["GET"]}}],"collection":[{"href":"https:\/\/www.visionweb.com.ar\/index.php?rest_route=\/wp\/v2\/posts"}],"about":[{"href":"https:\/\/www.visionweb.com.ar\/index.php?rest_route=\/wp\/v2\/types\/post"}],"author":[{"embeddable":true,"href":"https:\/\/www.visionweb.com.ar\/index.php?rest_route=\/wp\/v2\/users\/3"}],"replies":[{"embeddable":true,"href":"https:\/\/www.visionweb.com.ar\/index.php?rest_route=%2Fwp%2Fv2%2Fcomments&post=8407"}],"version-history":[{"count":1,"href":"https:\/\/www.visionweb.com.ar\/index.php?rest_route=\/wp\/v2\/posts\/8407\/revisions"}],"predecessor-version":[{"id":8409,"href":"https:\/\/www.visionweb.com.ar\/index.php?rest_route=\/wp\/v2\/posts\/8407\/revisions\/8409"}],"wp:featuredmedia":[{"embeddable":true,"href":"https:\/\/www.visionweb.com.ar\/index.php?rest_route=\/wp\/v2\/media\/8408"}],"wp:attachment":[{"href":"https:\/\/www.visionweb.com.ar\/index.php?rest_route=%2Fwp%2Fv2%2Fmedia&parent=8407"}],"wp:term":[{"taxonomy":"category","embeddable":true,"href":"https:\/\/www.visionweb.com.ar\/index.php?rest_route=%2Fwp%2Fv2%2Fcategories&post=8407"},{"taxonomy":"post_tag","embeddable":true,"href":"https:\/\/www.visionweb.com.ar\/index.php?rest_route=%2Fwp%2Fv2%2Ftags&post=8407"}],"curies":[{"name":"wp","href":"https:\/\/api.w.org\/{rel}","templated":true}]}}