{"id":8367,"date":"2022-11-25T09:05:29","date_gmt":"2022-11-25T12:05:29","guid":{"rendered":"https:\/\/www.visionweb.com.ar\/?p=8367"},"modified":"2022-11-25T09:05:29","modified_gmt":"2022-11-25T12:05:29","slug":"vacaciones-el-consejo-federal-de-educacion-marco-las-diferentes-fechas-para-cada-provincia","status":"publish","type":"post","link":"https:\/\/www.visionweb.com.ar\/?p=8367","title":{"rendered":"Vacaciones: El Consejo Federal de Educaci\u00f3n marc\u00f3 las diferentes fechas para cada provincia"},"content":{"rendered":"<p><em><strong>En Caba las vacaciones comienzan el 21 de diciembre, mientras que en la Provincia de Buenos Aires ser\u00e1 un d\u00eda despu\u00e9s.<\/strong><\/em><!--more--><\/p>\n<p><strong><img loading=\"lazy\" decoding=\"async\" class=\"size-medium wp-image-8369 alignright\" src=\"https:\/\/www.visionweb.com.ar\/wp-content\/uploads\/2022\/11\/vacaciones1-300x140.jpg\" alt=\"\" width=\"300\" height=\"140\" srcset=\"https:\/\/www.visionweb.com.ar\/wp-content\/uploads\/2022\/11\/vacaciones1-300x140.jpg 300w, https:\/\/www.visionweb.com.ar\/wp-content\/uploads\/2022\/11\/vacaciones1-520x245.jpg 520w, https:\/\/www.visionweb.com.ar\/wp-content\/uploads\/2022\/11\/vacaciones1.bmp 726w\" sizes=\"auto, (max-width: 300px) 100vw, 300px\" \/>E<\/strong>l Consejo Federal de Educaci\u00f3n (CFE) estableci\u00f3 las vacaciones 2022 en cada provincia. Las clases en Provincia de Buenos Aires terminar\u00e1n el pr\u00f3ximo 22 de diciembre, mientras que en la Ciudad Aut\u00f3noma de Buenos Aires, el calendario escolar 2022 publicado en la p\u00e1gina web oficial del Ministerio de Educaci\u00f3n de la Naci\u00f3n, indica que el receso en este distrito comienza el 21 de diciembre.<\/p>\n<p>El cierre del ciclo lectivo tiene fechas muy dispares de acuerdo con cada provincia, por ejemplo, el pr\u00f3ximo 9 de diciembre finalizan las clases en Corrientes, mientras que el 23 terminan en Neuqu\u00e9n.<\/p>\n<p>Aqu\u00ed el listado provincia por provincia<strong>\u00a0<\/strong>del inicio de las vacaciones de verano:<\/p>\n<p><strong>Buenos Aires<\/strong>: 22 de diciembre<\/p>\n<p><strong>CABA<\/strong>: 21 de diciembre<\/p>\n<p><strong>Catamarca<\/strong>: 20 de diciembre<\/p>\n<p><strong>Chaco<\/strong>: 16 de diciembre<\/p>\n<p><strong>Chubut<\/strong>: 18 de diciembre<\/p>\n<p><strong>C\u00f3rdoba<\/strong>: 22 de diciembre<\/p>\n<p><strong>Corrientes<\/strong>: 9 de diciembre<\/p>\n<p><strong>Entre R\u00edos<\/strong>: 20 de diciembre<\/p>\n<p><strong>Formosa<\/strong>: 20 de diciembre<\/p>\n<p><strong>Jujuy<\/strong>: 20 de diciembre<\/p>\n<p><strong>La Pampa<\/strong>: 20 de diciembre<\/p>\n<p><strong>La Rioja<\/strong>: 20 de diciembre<\/p>\n<p><strong>Mendoza<\/strong>: 16 de diciembre<\/p>\n<p><strong>Misiones<\/strong>: 20 de diciembre<\/p>\n<p><strong>Neuqu\u00e9n<\/strong>: 23 de diciembre<\/p>\n<p><strong>R\u00edo Negro<\/strong>: 22 de diciembre<\/p>\n<p><strong>Salta<\/strong>: 19 de diciembre<\/p>\n<p><strong>San Juan<\/strong>: 20 de diciembre<\/p>\n<p><strong>San Luis<\/strong>: 16 de diciembre<\/p>\n<p><strong>Santa Cruz<\/strong>: 16 de diciembre<\/p>\n<p><strong>Santa Fe<\/strong>: 20 de diciembre<\/p>\n<p><strong>Santiago del Estero<\/strong>: 16 de diciembre<\/p>\n<p><strong>Tierra del Fuego<\/strong>: 20 de diciembre<\/p>\n<p><strong>Tucum\u00e1n<\/strong>: 20 de diciembre<\/p>\n<p><strong>El regreso a clases<\/strong>: El Gobierno de la Provincia de Buenos defini\u00f3 como fecha para la <strong>vuelta a clases el mi\u00e9rcoles 1\u00b0 de marzo de 2023,<\/strong><strong>\u00a0<\/strong>en sinton\u00eda con lo resuelto por el Consejo Federal de Educaci\u00f3n. En tanto en la Ciudad Aut\u00f3noma de Buenos Aires, el comienzo ser\u00e1 dos d\u00edas antes,\u00a0<strong>el lunes 27 de febrero<\/strong>. <strong>(VW)<\/strong><\/p>\n<p>&nbsp;<\/p>\n","protected":false},"excerpt":{"rendered":"<p>En Caba las vacaciones comienzan el 21 de diciembre, mientras que en la Provincia de Buenos Aires ser\u00e1 un d\u00eda despu\u00e9s.<\/p>\n","protected":false},"author":4,"featured_media":8369,"comment_status":"closed","ping_status":"closed","sticky":false,"template":"","format":"standard","meta":{"_monsterinsights_skip_tracking":false,"_monsterinsights_sitenote_active":false,"_monsterinsights_sitenote_note":"","_monsterinsights_sitenote_category":0,"footnotes":""},"categories":[7],"tags":[3499,3498,3497,3500],"class_list":["post-8367","post","type-post","status-publish","format-standard","has-post-thumbnail","hentry","category-educacion-y-cultura","tag-consejo-federal-de-educacion","tag-fin-de-clases","tag-inicio-de-vacaciones","tag-ministerio-educacion"],"_links":{"self":[{"href":"https:\/\/www.visionweb.com.ar\/index.php?rest_route=\/wp\/v2\/posts\/8367","targetHints":{"allow":["GET"]}}],"collection":[{"href":"https:\/\/www.visionweb.com.ar\/index.php?rest_route=\/wp\/v2\/posts"}],"about":[{"href":"https:\/\/www.visionweb.com.ar\/index.php?rest_route=\/wp\/v2\/types\/post"}],"author":[{"embeddable":true,"href":"https:\/\/www.visionweb.com.ar\/index.php?rest_route=\/wp\/v2\/users\/4"}],"replies":[{"embeddable":true,"href":"https:\/\/www.visionweb.com.ar\/index.php?rest_route=%2Fwp%2Fv2%2Fcomments&post=8367"}],"version-history":[{"count":2,"href":"https:\/\/www.visionweb.com.ar\/index.php?rest_route=\/wp\/v2\/posts\/8367\/revisions"}],"predecessor-version":[{"id":8370,"href":"https:\/\/www.visionweb.com.ar\/index.php?rest_route=\/wp\/v2\/posts\/8367\/revisions\/8370"}],"wp:featuredmedia":[{"embeddable":true,"href":"https:\/\/www.visionweb.com.ar\/index.php?rest_route=\/wp\/v2\/media\/8369"}],"wp:attachment":[{"href":"https:\/\/www.visionweb.com.ar\/index.php?rest_route=%2Fwp%2Fv2%2Fmedia&parent=8367"}],"wp:term":[{"taxonomy":"category","embeddable":true,"href":"https:\/\/www.visionweb.com.ar\/index.php?rest_route=%2Fwp%2Fv2%2Fcategories&post=8367"},{"taxonomy":"post_tag","embeddable":true,"href":"https:\/\/www.visionweb.com.ar\/index.php?rest_route=%2Fwp%2Fv2%2Ftags&post=8367"}],"curies":[{"name":"wp","href":"https:\/\/api.w.org\/{rel}","templated":true}]}}